{"id":9183,"date":"2026-04-04T18:59:53","date_gmt":"2026-04-04T16:59:53","guid":{"rendered":"https:\/\/jmponcet.fr\/?p=9183"},"modified":"2026-04-04T19:05:19","modified_gmt":"2026-04-04T17:05:19","slug":"motards-de-navarre","status":"publish","type":"post","link":"https:\/\/jmponcet.fr\/2026\/04\/04\/motards-de-navarre\/","title":{"rendered":"&#8220;Motards de Navarre&#8221;"},"content":{"rendered":"<p>Au nord des Pyr\u00e9n\u00e9es,<br \/>\nJoyeuse sa vall\u00e9e.<br \/>\nDe France et de Navarre,<br \/>\nRoyaume montagnard,<br \/>\nDont le bon roi Henri,<br \/>\nLui, le Vert Galant dit,<br \/>\nDans sa jeunesse Le Ronsard,<br \/>\n\u00c9tait certainement motard !<\/p>\n<p>JMP (\u00a9 2024)<\/p>\n<hr \/>\n<p><em>NB : La Navarre, constitu\u00e9e \u00e0 l&#8217;\u00e9poque de Charlemagne, autour de la ville de Pampelune s&#8217;\u00e9tendait au XIIIe si\u00e8cle vers le nord des Pyr\u00e9n\u00e9es, dans les vall\u00e9es de la Nive, de la Bidouze et de la Joyeuse ! &#8220;Roi de France et de Navarre&#8221; est une formule inaugur\u00e9e en 1572 sous le r\u00e8gne de Henri IV, dit le &#8220;Vert Galant&#8221; (1589-1610).<\/em><\/p>\n<p><em>PS : Pierre de Ronsard (1524-1585), n\u00e9 en septembre (comme votre motard) est le &#8220;Prince des po\u00e8tes et le po\u00e8te des princes&#8221;, figure majeure de la litt\u00e9rature po\u00e9tique de la Renaissance. Son p\u00e8re, Louis de Ronsard, Chevalier \u00e0 21 ans, ayant particip\u00e9 aux guerres d&#8217;Italie, \u00e9tait un homme f\u00e9ru de po\u00e9sie et admirateur de Bayard (comme votre motard). D\u00e8s l&#8217;\u00e2ge de cinq ans, Pierre de Ronsard est confi\u00e9 \u00e0 un pr\u00e9cepteur, peut-\u00eatre son oncle, l&#8217;archidiacre de Navarre, Jean Ronsard, qui l&#8217;initie aux auteurs latins et lui l\u00e9guera \u00e0 sa mort (1535-1536) sa biblioth\u00e8que. Son p\u00e8re le destine \u00e0 la carri\u00e8re de robe et l&#8217;envoie \u00e9tudier, en octobre 1533, au coll\u00e8ge de Navarre (o\u00f9 il ne restera que 6 mois). \u00c0 l&#8217;accession au tr\u00f4ne de Charles IX, il occupe la place privil\u00e9gi\u00e9e de po\u00e8te et aum\u00f4nier du roi. Tous nous connaissons cet ode c\u00e9l\u00e8bre : &#8220;Mignonne, allons voir si ma prose&#8230;&#8221; que reprend \u00e0 son compte votre bien aim\u00e9 Motard \ud83d\ude09<\/em><\/p>\n","protected":false},"excerpt":{"rendered":"<p>Au nord des Pyr\u00e9n\u00e9es, Joyeuse sa vall\u00e9e. De France et de Navarre, Royaume montagnard, Dont le bon roi Henri, Lui, le Vert Galant dit, Dans sa jeunesse Le Ronsard, \u00c9tait certainement motard ! JMP (\u00a9 2024) NB : La Navarre, constitu\u00e9e \u00e0 l&#8217;\u00e9poque de Charlemagne, autour de la ville de [&hellip;]<\/p>\n","protected":false},"author":45,"featured_media":9184,"comment_status":"closed","ping_status":"open","sticky":false,"template":"","format":"standard","meta":{"_acf_changed":false,"footnotes":""},"categories":[58],"tags":[],"class_list":["post-9183","post","type-post","status-publish","format-standard","has-post-thumbnail","hentry","category-poemes"],"acf":[],"aioseo_notices":[],"_links":{"self":[{"href":"https:\/\/jmponcet.fr\/nov-apijson\/wp\/v2\/posts\/9183","targetHints":{"allow":["GET"]}}],"collection":[{"href":"https:\/\/jmponcet.fr\/nov-apijson\/wp\/v2\/posts"}],"about":[{"href":"https:\/\/jmponcet.fr\/nov-apijson\/wp\/v2\/types\/post"}],"author":[{"embeddable":true,"href":"https:\/\/jmponcet.fr\/nov-apijson\/wp\/v2\/users\/45"}],"replies":[{"embeddable":true,"href":"https:\/\/jmponcet.fr\/nov-apijson\/wp\/v2\/comments?post=9183"}],"version-history":[{"count":1,"href":"https:\/\/jmponcet.fr\/nov-apijson\/wp\/v2\/posts\/9183\/revisions"}],"predecessor-version":[{"id":9185,"href":"https:\/\/jmponcet.fr\/nov-apijson\/wp\/v2\/posts\/9183\/revisions\/9185"}],"wp:featuredmedia":[{"embeddable":true,"href":"https:\/\/jmponcet.fr\/nov-apijson\/wp\/v2\/media\/9184"}],"wp:attachment":[{"href":"https:\/\/jmponcet.fr\/nov-apijson\/wp\/v2\/media?parent=9183"}],"wp:term":[{"taxonomy":"category","embeddable":true,"href":"https:\/\/jmponcet.fr\/nov-apijson\/wp\/v2\/categories?post=9183"},{"taxonomy":"post_tag","embeddable":true,"href":"https:\/\/jmponcet.fr\/nov-apijson\/wp\/v2\/tags?post=9183"}],"curies":[{"name":"wp","href":"https:\/\/api.w.org\/{rel}","templated":true}]}}