{"id":8723,"date":"2026-01-21T17:19:20","date_gmt":"2026-01-21T16:19:20","guid":{"rendered":"https:\/\/jmponcet.fr\/?p=8723"},"modified":"2026-01-21T17:28:15","modified_gmt":"2026-01-21T16:28:15","slug":"le-vieil-homme-et-lamer","status":"publish","type":"post","link":"https:\/\/jmponcet.fr\/2026\/01\/21\/le-vieil-homme-et-lamer\/","title":{"rendered":"&#8220;Le vieil homme et l&#8217;amer&#8221;"},"content":{"rendered":"<p>C&#8217;\u00e9tait un vieil homme,<br \/>\nDevenu tout amer,<br \/>\nA cause du rhum,<br \/>\nEt bien s\u00fbr de la mer,<br \/>\nDe son m\u00e9tier d&#8217;homme,<br \/>\nDe cette vie aust\u00e8re,<br \/>\nDe l&#8217;eau, de la g\u00eete,<br \/>\nDe son mal de la m\u00e8re,<br \/>\nEt l\u00e0, dans son g\u00eete,<br \/>\nEt l\u00e0 : ci-g\u00eet l&#8217;amer.*<\/p>\n<p>JMP (\u00a9 2025)<\/p>\n<hr \/>\n<p><em>*comme dit Cynthia (Fleury) &#8220;Ci-g\u00eet l&#8217;amer&#8221; (Gu\u00e9rir du ressentiment) Gallimard 2020 et Folio 2023<\/em><\/p>\n<p><img decoding=\"async\" src=\"https:\/\/jmponcet.fr\/wp-content\/uploads\/2026\/01\/20251228_Ci-git-lamer-bd-300x225.jpg\" alt=\"\" width=\"300\" height=\"225\" class=\"alignnone size-medium wp-image-8733\" srcset=\"https:\/\/jmponcet.fr\/wp-content\/uploads\/2026\/01\/20251228_Ci-git-lamer-bd-300x225.jpg 300w, https:\/\/jmponcet.fr\/wp-content\/uploads\/2026\/01\/20251228_Ci-git-lamer-bd-1024x768.jpg 1024w, https:\/\/jmponcet.fr\/wp-content\/uploads\/2026\/01\/20251228_Ci-git-lamer-bd-768x576.jpg 768w, https:\/\/jmponcet.fr\/wp-content\/uploads\/2026\/01\/20251228_Ci-git-lamer-bd-500x375.jpg 500w, https:\/\/jmponcet.fr\/wp-content\/uploads\/2026\/01\/20251228_Ci-git-lamer-bd-1320x990.jpg 1320w, https:\/\/jmponcet.fr\/wp-content\/uploads\/2026\/01\/20251228_Ci-git-lamer-bd.jpg 1500w\" sizes=\"(max-width: 300px) 100vw, 300px\" \/><\/p>\n<p>&nbsp;<\/p>\n","protected":false},"excerpt":{"rendered":"<p>C&#8217;\u00e9tait un vieil homme, Devenu tout amer, A cause du rhum, Et bien s\u00fbr de la mer, De son m\u00e9tier d&#8217;homme, De cette vie aust\u00e8re, De l&#8217;eau, de la g\u00eete, De son mal de la m\u00e8re, Et l\u00e0, dans son g\u00eete, Et l\u00e0 : ci-g\u00eet l&#8217;amer.* JMP (\u00a9 2025) *comme [&hellip;]<\/p>\n","protected":false},"author":45,"featured_media":8724,"comment_status":"closed","ping_status":"open","sticky":false,"template":"","format":"standard","meta":{"_acf_changed":false,"footnotes":""},"categories":[58],"tags":[],"class_list":["post-8723","post","type-post","status-publish","format-standard","has-post-thumbnail","hentry","category-poemes"],"acf":[],"aioseo_notices":[],"_links":{"self":[{"href":"https:\/\/jmponcet.fr\/nov-apijson\/wp\/v2\/posts\/8723","targetHints":{"allow":["GET"]}}],"collection":[{"href":"https:\/\/jmponcet.fr\/nov-apijson\/wp\/v2\/posts"}],"about":[{"href":"https:\/\/jmponcet.fr\/nov-apijson\/wp\/v2\/types\/post"}],"author":[{"embeddable":true,"href":"https:\/\/jmponcet.fr\/nov-apijson\/wp\/v2\/users\/45"}],"replies":[{"embeddable":true,"href":"https:\/\/jmponcet.fr\/nov-apijson\/wp\/v2\/comments?post=8723"}],"version-history":[{"count":2,"href":"https:\/\/jmponcet.fr\/nov-apijson\/wp\/v2\/posts\/8723\/revisions"}],"predecessor-version":[{"id":8734,"href":"https:\/\/jmponcet.fr\/nov-apijson\/wp\/v2\/posts\/8723\/revisions\/8734"}],"wp:featuredmedia":[{"embeddable":true,"href":"https:\/\/jmponcet.fr\/nov-apijson\/wp\/v2\/media\/8724"}],"wp:attachment":[{"href":"https:\/\/jmponcet.fr\/nov-apijson\/wp\/v2\/media?parent=8723"}],"wp:term":[{"taxonomy":"category","embeddable":true,"href":"https:\/\/jmponcet.fr\/nov-apijson\/wp\/v2\/categories?post=8723"},{"taxonomy":"post_tag","embeddable":true,"href":"https:\/\/jmponcet.fr\/nov-apijson\/wp\/v2\/tags?post=8723"}],"curies":[{"name":"wp","href":"https:\/\/api.w.org\/{rel}","templated":true}]}}