{"id":8350,"date":"2025-11-02T11:06:44","date_gmt":"2025-11-02T10:06:44","guid":{"rendered":"https:\/\/jmponcet.fr\/?p=8350"},"modified":"2025-11-11T16:27:36","modified_gmt":"2025-11-11T15:27:36","slug":"marcel-soleil-chef-de-rayon-auchan","status":"publish","type":"post","link":"https:\/\/jmponcet.fr\/2025\/11\/02\/marcel-soleil-chef-de-rayon-auchan\/","title":{"rendered":"&#8220;Marcel Soleil, chef de rayon Auchan&#8221;"},"content":{"rendered":"<p><em>&#8220;Le Soleil donne&#8221;<\/em> disait un de ses coll\u00e8gues.<\/p>\n<p>Oui Marcel Soleil a bien donn\u00e9 dans son m\u00e9tier. D&#8217;ailleurs, il vient d&#8217;\u00eatre licenci\u00e9, sans qu&#8217;il soit remerci\u00e9.<\/p>\n<p>Ainsi va la vie aujourd&#8217;hui, rien de nouveau sous le soleil. Tu as beau bien faire ton m\u00e9tier, m\u00eame en rayonner, \u00e0 un moment, tu es toujours de trop (comme dans le sirop)*.<\/p>\n<p>Aux champs, oui, Marcel <del>Champion<\/del> en connait un rayon. 30 ans qu&#8217;il les arpente avec ses hayons. Il les remplit, il les bichonne ses \u00e9tag\u00e8res. Marcel, il \u00e9tait dans les produits alimentaires. Primeurs et conserves : courgettes et carottes, tomates et pommes de terre, haricots et cardons&#8230;<\/p>\n<p>Ses amis le surnommait le &#8220;Roi-Soleil&#8221;. Le fr\u00e9quenter \u00e9tait un v\u00e9ritable bain de soleil. Toujours le sourire, le mot qu&#8217;il faut. <em>&#8220;Ce gar\u00e7on \u00e9tait un rayon de soleil&#8221;<\/em>, m&#8217;a dit Nadia de la compta. (en haut).<\/p>\n<p>Et aujourd&#8217;hui, \u00e0 47 ans, il va fondre comme neige au soleil. Il a quitt\u00e9 sa blouse bleue, pos\u00e9 son stylo quatre-couleurs et rendu son badge. Toutes ces ann\u00e9es, il croyait s&#8217;\u00eatre fait une place au soleil (<del>dans son rayon<\/del>) lui qui travaillait toute la journ\u00e9e sous lumi\u00e8re artificielle (<del>comme un con<\/del>).<\/p>\n<p><em>&#8220;Le soleil brille pour tout le monde&#8221;<\/em> lui dira son DRH. Il rajoutera m\u00eame, le goujat : <em>&#8220;je ne me fais pas de soucis pour toi, tu retrouveras, un gars comme toi&#8230;&#8221;<\/em> C&#8217;est s\u00fbr, c&#8217;est pas lui qui aura besoin de s\u00e9cher ses larmes au soleil, son DRH.<\/p>\n<p>Souhaitons lui un bon rebond, comme Raymond (Poulidor) le roi du rayon (m\u00eame si aujourd&#8217;hui il est mort). <em>&#8220;Il est mort le soleil&#8221;<\/em> chantait Nicoletta.**<\/p>\n<p>Bonne f\u00eate des Cendres (le jour o\u00f9 il faut descendre -de son v\u00e9lo-). <strong>JMP<\/strong><\/p>\n<p>&nbsp;<\/p>\n<hr \/>\n<p><em>*Carlsberg ferme l&#8217;usine Teisseire pr\u00e8s de chez moi, apr\u00e8s 300 ans d&#8217;histoire de sirop&#8230;<\/em><br \/>\n<em>**Nicoletta qui aussi chanta : &#8220;Fio Maravilla, ton p\u00e8re c&#8217;\u00e9tait le soleil&#8221;&#8230;<\/em><\/p>\n","protected":false},"excerpt":{"rendered":"<p>&#8220;Le Soleil donne&#8221; disait un de ses coll\u00e8gues. Oui Marcel Soleil a bien donn\u00e9 dans son m\u00e9tier. D&#8217;ailleurs, il vient d&#8217;\u00eatre licenci\u00e9, sans qu&#8217;il soit remerci\u00e9. Ainsi va la vie aujourd&#8217;hui, rien de nouveau sous le soleil. Tu as beau bien faire ton m\u00e9tier, m\u00eame en rayonner, \u00e0 un moment, [&hellip;]<\/p>\n","protected":false},"author":45,"featured_media":8351,"comment_status":"closed","ping_status":"open","sticky":false,"template":"","format":"standard","meta":{"_acf_changed":false,"footnotes":""},"categories":[59],"tags":[],"class_list":["post-8350","post","type-post","status-publish","format-standard","has-post-thumbnail","hentry","category-recits"],"acf":[],"aioseo_notices":[],"_links":{"self":[{"href":"https:\/\/jmponcet.fr\/nov-apijson\/wp\/v2\/posts\/8350","targetHints":{"allow":["GET"]}}],"collection":[{"href":"https:\/\/jmponcet.fr\/nov-apijson\/wp\/v2\/posts"}],"about":[{"href":"https:\/\/jmponcet.fr\/nov-apijson\/wp\/v2\/types\/post"}],"author":[{"embeddable":true,"href":"https:\/\/jmponcet.fr\/nov-apijson\/wp\/v2\/users\/45"}],"replies":[{"embeddable":true,"href":"https:\/\/jmponcet.fr\/nov-apijson\/wp\/v2\/comments?post=8350"}],"version-history":[{"count":4,"href":"https:\/\/jmponcet.fr\/nov-apijson\/wp\/v2\/posts\/8350\/revisions"}],"predecessor-version":[{"id":8385,"href":"https:\/\/jmponcet.fr\/nov-apijson\/wp\/v2\/posts\/8350\/revisions\/8385"}],"wp:featuredmedia":[{"embeddable":true,"href":"https:\/\/jmponcet.fr\/nov-apijson\/wp\/v2\/media\/8351"}],"wp:attachment":[{"href":"https:\/\/jmponcet.fr\/nov-apijson\/wp\/v2\/media?parent=8350"}],"wp:term":[{"taxonomy":"category","embeddable":true,"href":"https:\/\/jmponcet.fr\/nov-apijson\/wp\/v2\/categories?post=8350"},{"taxonomy":"post_tag","embeddable":true,"href":"https:\/\/jmponcet.fr\/nov-apijson\/wp\/v2\/tags?post=8350"}],"curies":[{"name":"wp","href":"https:\/\/api.w.org\/{rel}","templated":true}]}}