{"id":8154,"date":"2025-10-16T17:59:12","date_gmt":"2025-10-16T15:59:12","guid":{"rendered":"https:\/\/jmponcet.fr\/?p=8154"},"modified":"2025-10-17T12:30:35","modified_gmt":"2025-10-17T10:30:35","slug":"il-etait-une-nuit-dans-louest","status":"publish","type":"post","link":"https:\/\/jmponcet.fr\/2025\/10\/16\/il-etait-une-nuit-dans-louest\/","title":{"rendered":"&#8220;Il \u00e9tait une nuit dans l&#8217;Ouest&#8221;"},"content":{"rendered":"<p>Vu dans &#8220;Ouest France&#8221; r\u00e9cemment : <em>&#8220;Ma\u00e9va Nui, coiffeuse \u00e0 Plumergat, propose ses services \u00e0 domicile.&#8221;<\/em><\/p>\n<p>Ma\u00e9va Nui ? Le jour, la nuit ? Il ne s&#8217;agit pas de <del>nuire<\/del> nuit mais de Nui. A domicile o\u00f9 au salon ? Dans mon salon \u00e0 moi ? <del>En Nui(sette) En nui(th\u00e9) ?<\/del> <del>Ennuyeuse ?<\/del><\/p>\n<p>Plumergat est une commune situ\u00e9e dans le d\u00e9partement du Morbihan en r\u00e9gion Bretagne. Elle fait partie de la communaut\u00e9 de communes &#8220;Auray Quiberon Terre Atlantique&#8221;. Je vois sur la carte, que j&#8217;ai d\u00e9j\u00e0 s\u00e9journ\u00e9, le jour, la nuit, \u00e0 Plougoumelen, juste \u00e0 c\u00f4t\u00e9. Je suis pass\u00e9 \u00e0 Auray et \u00e0 Quiberon, \u00e0 moto pas en camion. J&#8217;aurais aim\u00e9 croiser Ma\u00e9va Nui (<del>qui sur la photo est jolie<\/del>).<\/p>\n<p>A Carnac, tout proche, une fois j&#8217;ai m\u00eame fait une thalasso. Au restau, on buvait du vin pas de l&#8217;eau. La bouteille nuit-elle \u00e0 la sant\u00e9 ? Ma\u00e9va lui tint un peu pr\u00e8s ce langage : <em>&#8220;Si ta bouteille ne dispara\u00eet pas avec ta thalasso, c&#8217;est une arnaque (m\u00eame \u00e0 Carnac) !&#8221;<\/em><\/p>\n<p>C&#8217;est comme se faire faire frisette avec Mariette. Oui Mariette, la conductrice de la navette ; ou plut\u00f4t on dira qu&#8217;elle pilote l&#8217;estafette. Et tenez-vous bien (les oreilles), avec Mariette faut \u00eatre bien \u00e0 l&#8217;heure. Le d\u00e9part est un vrai cauchemar si tu es en retard. Mariette est sans piti\u00e9, comme son estafette est sans plomb. Et quand elle te laisse \u00e0 quai, elle ne repasse m\u00eame pas <del>tes pantalons<\/del> toutes les trois-quarts d&#8217;heure. Sa tourn\u00e9e ne comporte, par jour, que deux rotations. C&#8217;est aussi pourquoi Ma\u00e9va fait son job \u00e0 domicile, car ici le car n&#8217;est pas docile. Les gens du coin en Auray plus besoin (d&#8217;ailleurs). Du car bien s\u00fbr, ou de la navette si vous pr\u00e9f\u00e9rez.<\/p>\n<p>Et dans la navette c&#8217;est plus petit, et Ma\u00e9va peut y coucher la nuit (quand Mariette est au sec). Mais jamais elle ne ferait une coupe dans l&#8217;estafette, foi de coquettes ! A chaque endroit sa f\u00eate. La navette aux touristes (le carreaux Touquet), c&#8217;est pas triste (c&#8217;est le tr\u00e8fle \u00e0 <del>carreaux<\/del> caret*). Ou c&#8217;est colle au radeau dirait Mariette (qui aime les U.S.). <strong>JMP<\/strong><\/p>\n<p><em>*Le caret (du latin caret, &#8220;il est priv\u00e9 de&#8221; ou &#8220;il manque&#8221;) est un graph\u00e8me ayant la forme d&#8217;un V invers\u00e9.<\/em><\/p>\n<p><em>PS : Si Ma\u00e9va lit ce &#8220;r\u00e9cit r\u00e9jouis&#8221;, qu&#8217;elle me pardonne, je la supplie, le jour, la nuit&#8230;<\/em><\/p>\n","protected":false},"excerpt":{"rendered":"<p>Vu dans &#8220;Ouest France&#8221; r\u00e9cemment : &#8220;Ma\u00e9va Nui, coiffeuse \u00e0 Plumergat, propose ses services \u00e0 domicile.&#8221; Ma\u00e9va Nui ? Le jour, la nuit ? Il ne s&#8217;agit pas de nuire nuit mais de Nui. A domicile o\u00f9 au salon ? Dans mon salon \u00e0 moi ? En Nui(sette) En nui(th\u00e9) [&hellip;]<\/p>\n","protected":false},"author":45,"featured_media":8156,"comment_status":"closed","ping_status":"open","sticky":false,"template":"","format":"standard","meta":{"_acf_changed":false,"footnotes":""},"categories":[59],"tags":[],"class_list":["post-8154","post","type-post","status-publish","format-standard","has-post-thumbnail","hentry","category-recits"],"acf":[],"aioseo_notices":[],"_links":{"self":[{"href":"https:\/\/jmponcet.fr\/nov-apijson\/wp\/v2\/posts\/8154","targetHints":{"allow":["GET"]}}],"collection":[{"href":"https:\/\/jmponcet.fr\/nov-apijson\/wp\/v2\/posts"}],"about":[{"href":"https:\/\/jmponcet.fr\/nov-apijson\/wp\/v2\/types\/post"}],"author":[{"embeddable":true,"href":"https:\/\/jmponcet.fr\/nov-apijson\/wp\/v2\/users\/45"}],"replies":[{"embeddable":true,"href":"https:\/\/jmponcet.fr\/nov-apijson\/wp\/v2\/comments?post=8154"}],"version-history":[{"count":4,"href":"https:\/\/jmponcet.fr\/nov-apijson\/wp\/v2\/posts\/8154\/revisions"}],"predecessor-version":[{"id":8232,"href":"https:\/\/jmponcet.fr\/nov-apijson\/wp\/v2\/posts\/8154\/revisions\/8232"}],"wp:featuredmedia":[{"embeddable":true,"href":"https:\/\/jmponcet.fr\/nov-apijson\/wp\/v2\/media\/8156"}],"wp:attachment":[{"href":"https:\/\/jmponcet.fr\/nov-apijson\/wp\/v2\/media?parent=8154"}],"wp:term":[{"taxonomy":"category","embeddable":true,"href":"https:\/\/jmponcet.fr\/nov-apijson\/wp\/v2\/categories?post=8154"},{"taxonomy":"post_tag","embeddable":true,"href":"https:\/\/jmponcet.fr\/nov-apijson\/wp\/v2\/tags?post=8154"}],"curies":[{"name":"wp","href":"https:\/\/api.w.org\/{rel}","templated":true}]}}