{"id":8151,"date":"2025-10-16T17:23:06","date_gmt":"2025-10-16T15:23:06","guid":{"rendered":"https:\/\/jmponcet.fr\/?p=8151"},"modified":"2025-10-16T17:23:06","modified_gmt":"2025-10-16T15:23:06","slug":"a-mes-maitres-du-rire","status":"publish","type":"post","link":"https:\/\/jmponcet.fr\/2025\/10\/16\/a-mes-maitres-du-rire\/","title":{"rendered":"&#8220;A mes ma\u00eetres (du rire) &#8220;"},"content":{"rendered":"<p>Il y a longtemps que &#8220;la nuit d\u00e9tend&#8221; \u00e9crivait Auguste. Moi qui arriv\u00e9 derri\u00e8re, je voulais lui rendre hommage ainsi qu&#8217;\u00e0 ceux qui m&#8217;inspirent et me font rire depuis tant d&#8217;ann\u00e9es :<\/p>\n<p><strong>Fran\u00e7ois Rollin<\/strong>, alias le Professeur Rollin qui a toujours quelque chose \u00e0 dire (de bien) : &#8220;D&#8217;o\u00f9 vient le mal ?&#8221;&#8230; (j&#8217;aime profond\u00e9ment cet homme)<br \/>\n<strong>Jean-Loup Chiflet<\/strong>, l&#8217;homme qui <del>d\u00e9chiffrait<\/del> tournait autour du mot : &#8220;J&#8217;ai un mot \u00e0 vous dire&#8221;, &#8220;Oxymore mon amour&#8221;&#8230; (le grammairien buissonnier)<br \/>\n<strong>Auguste Derri\u00e8re, <\/strong>en avance d&#8217;un temps <del>quoi qu&#8217;en dise sa belle-m\u00e8re<\/del> : &#8220;Les Moustiques n\u2019aiment pas les applaudissements&#8221;, &#8220;Les Consonnes toujours 2 fois&#8221;&#8230;<\/p>\n<p>Mais aussi :<br \/>\n<strong>Lucien Jerphagnon<\/strong>, une sacr\u00e9e r\u00e9putation : &#8220;C&#8217;\u00e9tait mieux avant&#8221;&#8230; (une sacr\u00e9e tronche)<br \/>\n<strong>Charles Pennequin<\/strong>, mon contemporain : &#8220;Moins \u00e7a va, plus \u00e7a vient&#8221;&#8230; (il est Lillois)<br \/>\n<strong>Laurent Baffie<\/strong>, j&#8217;ai honte quand je lis ses &#8220;Dico&#8221;&#8230;nneries&#8230; (le sniper)<br \/>\n<strong>St\u00e9phane De Groodt<\/strong>, le roi (Belge) du calembourg : &#8220;L\u2019Ivre de mots&#8221;&#8230; (l&#8217;auto dit d&#8217;acte, il a \u00e9t\u00e9 pilote automobile pendant 15 ans et vient de sortir &#8220;M\u00e9moires de mes souvenirs&#8221;)&#8230;<br \/>\nEt bien entendu : <strong>Raymond Devos<\/strong>, notre ma\u00eetre Atos (&amp; tous pour un)&#8230;<\/p>\n<p><strong>Tribute to my flame Masters !<\/strong>* <strong>JMP<\/strong><\/p>\n<p>*(Hommage \u00e0 mes Ma\u00eetres <del>enflamm\u00e9s<\/del> es flamme)<\/p>\n","protected":false},"excerpt":{"rendered":"<p>Il y a longtemps que &#8220;la nuit d\u00e9tend&#8221; \u00e9crivait Auguste. Moi qui arriv\u00e9 derri\u00e8re, je voulais lui rendre hommage ainsi qu&#8217;\u00e0 ceux qui m&#8217;inspirent et me font rire depuis tant d&#8217;ann\u00e9es : Fran\u00e7ois Rollin, alias le Professeur Rollin qui a toujours quelque chose \u00e0 dire (de bien) : &#8220;D&#8217;o\u00f9 vient [&hellip;]<\/p>\n","protected":false},"author":45,"featured_media":8152,"comment_status":"closed","ping_status":"open","sticky":false,"template":"","format":"standard","meta":{"_acf_changed":false,"footnotes":""},"categories":[59],"tags":[],"class_list":["post-8151","post","type-post","status-publish","format-standard","has-post-thumbnail","hentry","category-recits"],"acf":[],"aioseo_notices":[],"_links":{"self":[{"href":"https:\/\/jmponcet.fr\/nov-apijson\/wp\/v2\/posts\/8151","targetHints":{"allow":["GET"]}}],"collection":[{"href":"https:\/\/jmponcet.fr\/nov-apijson\/wp\/v2\/posts"}],"about":[{"href":"https:\/\/jmponcet.fr\/nov-apijson\/wp\/v2\/types\/post"}],"author":[{"embeddable":true,"href":"https:\/\/jmponcet.fr\/nov-apijson\/wp\/v2\/users\/45"}],"replies":[{"embeddable":true,"href":"https:\/\/jmponcet.fr\/nov-apijson\/wp\/v2\/comments?post=8151"}],"version-history":[{"count":1,"href":"https:\/\/jmponcet.fr\/nov-apijson\/wp\/v2\/posts\/8151\/revisions"}],"predecessor-version":[{"id":8153,"href":"https:\/\/jmponcet.fr\/nov-apijson\/wp\/v2\/posts\/8151\/revisions\/8153"}],"wp:featuredmedia":[{"embeddable":true,"href":"https:\/\/jmponcet.fr\/nov-apijson\/wp\/v2\/media\/8152"}],"wp:attachment":[{"href":"https:\/\/jmponcet.fr\/nov-apijson\/wp\/v2\/media?parent=8151"}],"wp:term":[{"taxonomy":"category","embeddable":true,"href":"https:\/\/jmponcet.fr\/nov-apijson\/wp\/v2\/categories?post=8151"},{"taxonomy":"post_tag","embeddable":true,"href":"https:\/\/jmponcet.fr\/nov-apijson\/wp\/v2\/tags?post=8151"}],"curies":[{"name":"wp","href":"https:\/\/api.w.org\/{rel}","templated":true}]}}