{"id":8147,"date":"2025-10-16T17:09:53","date_gmt":"2025-10-16T15:09:53","guid":{"rendered":"https:\/\/jmponcet.fr\/?p=8147"},"modified":"2026-01-22T13:16:23","modified_gmt":"2026-01-22T12:16:23","slug":"je-mets-gars","status":"publish","type":"post","link":"https:\/\/jmponcet.fr\/2025\/10\/16\/je-mets-gars\/","title":{"rendered":"&#8220;Je mets gars&#8221;"},"content":{"rendered":"<p>Mon ami Yves M\u00e9gard m&#8217;avait dit un soir : &#8220;Je m&#8217;\u00e9gare souvent par m\u00e9garde.&#8221; L&#8217;ami C\u00e9sar avait \u00e9crit : &#8220;Bonsoir ! Par mes gardes, je vais de ce pas \u00e0 N.D. de la Garde&#8221; (oui c&#8217;est pas l&#8217;ami de Marius -de Marcel Pagnol-, c&#8217;est C\u00e9sar le romain -qui \u00e9tait souvent \u00e0 N\u00eemes- et pas anonyme, d&#8217;o\u00f9 le besoin d&#8217;\u00eatre sur ses gardes).<\/p>\n<p>Mais si Chico garde ses taureaux, Fran\u00e7ois Garde est aussi un ami du flamenco. Il voyage aussi \u00e0 cheval, mon ami (comme Chico), mais lui, il n&#8217;aime pas les taureaux. Moi non plus d&#8217;ailleurs, je pr\u00e9f\u00e8re les chevaux (comme Chico <del>qui n&#8217;a plus de cheveux d&#8217;ailleurs<\/del>). Mieux vaut-il avoir des chevaux -d&#8217;ailleurs ou d&#8217;ici- (?) sans avoir de cheveux, ou bien le contraire ? Moi, j&#8217;ai encore quelques cheveux et j&#8217;ai aussi des chevaux (135 sur ma moto) !<\/p>\n<p>Je suis d&#8217;ailleurs un &#8220;Chevalier de la route&#8221;, figurez-vous ! Oui j&#8217;ai eu ma carte au temps o\u00f9 je roulais avec (une carte). Car au temps des GPS, y&#8217;a plus beaucoup de Chevaliers. Y&#8217;a plut\u00f4t des h\u00e9b\u00e9t\u00e9s. Plus le temps de rien, de s&#8217;arr\u00eater ; la veuve et l&#8217;orphelin, de sauver.<\/p>\n<p>Avec Bayard, j&#8217;\u00e9tais (vraiment) le dernier des Chevaliers. Cad celui qui est en retard. Il \u00e9tait pas forc\u00e9ment motard mon ami Bayard (oui je dis mon ami, car j&#8217;ai \u00e9t\u00e9 dans l&#8217;Asso. des &#8220;Amis de Bayard&#8221; -au d\u00e9but du si\u00e8cle-). Mais il \u00e9tait certainement le dernier des vrais chevaliers. Ceux-qui, vous savez, ont dans le c\u0153ur, la foi et la loyaut\u00e9 (comme c&#8217;est \u00e9crit Place Saint-Andr\u00e9*).<\/p>\n<p>En effet, devant la Coll\u00e9giale, sous une statue de <del>motard<\/del>\u00a0Bayard est grav\u00e9 dans la pierre : <em>&#8220;Rest\u00e9 fid\u00e8le \u00e0 la charte de la vielle Chevalerie Fran\u00e7aise en un si\u00e8cle brutal et d\u00e9prav\u00e9, Bayard, homme d&#8217;honneur, de foi et de bont\u00e9, a bien m\u00e9rit\u00e9 le surnom de Chevalier sans peur et sans reproche.&#8221;<\/em><\/p>\n<p>Pour ma part, en ce si\u00e8cle brutal <del>et d\u00e9prav\u00e9<\/del> j&#8217;ai pris garde de m&#8217;\u00e9quiper d&#8217;un GPS. Car je m&#8217;\u00e9gare souvent ; en moto je suis le vent&#8230; <strong>JMP<\/strong><\/p>\n<hr \/>\n<p>*\u00e0 Cularo bien s\u00fbr !<\/p>\n<p><em>NB : Que Yves M\u00e9gard et Fran\u00e7ois Garde lisent ce &#8220;r\u00e9cit r\u00e9jouis&#8221; et alors je leur dis &#8220;Merci les zamis !&#8221;<\/em><\/p>\n<p><em>PS : Le &#8220;Transport du Dauphin\u00e9 \u00e0 la Couronne de France&#8221; en 1349 a \u00e9t\u00e9 n\u00e9goci\u00e9 par Humbert Pilat, Pr\u00e9v\u00f4t des Chanoines de la Coll\u00e9giale Saint-Andr\u00e9 de Grenoble, repr\u00e9sentant du Dauphin Humbert II, qui c\u00e8de ainsi le Dauphin\u00e9 \u00e0 la France au d\u00e9c\u00e8s accidentel de son fils unique, enfant, dernier de la dynastie. Et parce que tr\u00e8s endett\u00e9&#8230; Ce rattachement est r\u00e9put\u00e9 avoir entra\u00een\u00e9 l&#8217;un des plus importants d\u00e9placements de fronti\u00e8re que connut l&#8217;Occident au cours des trois derniers si\u00e8cles du Moyen \u00c2ge&#8230; Par le trait\u00e9 de Turin du 24 mars 1860, la Savoie et Nice sont c\u00e9d\u00e9es \u00e0 la France. Cette annexion fut ratifi\u00e9e par le pl\u00e9biscite des 22 et 23 avril 1860, par lequel les Savoyards furent appel\u00e9s \u00e0 se prononcer en faveur ou non de l&#8217;annexion. Les deux Savoie d\u00e9cidaient leur rattachement \u00e0 la France tandis que le Pi\u00e9mont et le Val d&#8217;Aoste optaient pour l&#8217;Italie. (&#8220;Savoyard&#8221; \u00e9tait un mot signifiant \u00e0 l&#8217;\u00e9poque : &#8220;homme sale, grossier et brutal&#8221;, on emploie le mot savoyard par m\u00e9pris lit-on dans le Dictionnaire Universel, Paris 1834)<\/em><\/p>\n","protected":false},"excerpt":{"rendered":"<p>Mon ami Yves M\u00e9gard m&#8217;avait dit un soir : &#8220;Je m&#8217;\u00e9gare souvent par m\u00e9garde.&#8221; L&#8217;ami C\u00e9sar avait \u00e9crit : &#8220;Bonsoir ! Par mes gardes, je vais de ce pas \u00e0 N.D. de la Garde&#8221; (oui c&#8217;est pas l&#8217;ami de Marius -de Marcel Pagnol-, c&#8217;est C\u00e9sar le romain -qui \u00e9tait souvent [&hellip;]<\/p>\n","protected":false},"author":45,"featured_media":8150,"comment_status":"closed","ping_status":"open","sticky":false,"template":"","format":"standard","meta":{"_acf_changed":false,"footnotes":""},"categories":[59],"tags":[],"class_list":["post-8147","post","type-post","status-publish","format-standard","has-post-thumbnail","hentry","category-recits"],"acf":[],"aioseo_notices":[],"_links":{"self":[{"href":"https:\/\/jmponcet.fr\/nov-apijson\/wp\/v2\/posts\/8147","targetHints":{"allow":["GET"]}}],"collection":[{"href":"https:\/\/jmponcet.fr\/nov-apijson\/wp\/v2\/posts"}],"about":[{"href":"https:\/\/jmponcet.fr\/nov-apijson\/wp\/v2\/types\/post"}],"author":[{"embeddable":true,"href":"https:\/\/jmponcet.fr\/nov-apijson\/wp\/v2\/users\/45"}],"replies":[{"embeddable":true,"href":"https:\/\/jmponcet.fr\/nov-apijson\/wp\/v2\/comments?post=8147"}],"version-history":[{"count":2,"href":"https:\/\/jmponcet.fr\/nov-apijson\/wp\/v2\/posts\/8147\/revisions"}],"predecessor-version":[{"id":8766,"href":"https:\/\/jmponcet.fr\/nov-apijson\/wp\/v2\/posts\/8147\/revisions\/8766"}],"wp:featuredmedia":[{"embeddable":true,"href":"https:\/\/jmponcet.fr\/nov-apijson\/wp\/v2\/media\/8150"}],"wp:attachment":[{"href":"https:\/\/jmponcet.fr\/nov-apijson\/wp\/v2\/media?parent=8147"}],"wp:term":[{"taxonomy":"category","embeddable":true,"href":"https:\/\/jmponcet.fr\/nov-apijson\/wp\/v2\/categories?post=8147"},{"taxonomy":"post_tag","embeddable":true,"href":"https:\/\/jmponcet.fr\/nov-apijson\/wp\/v2\/tags?post=8147"}],"curies":[{"name":"wp","href":"https:\/\/api.w.org\/{rel}","templated":true}]}}