{"id":7697,"date":"2025-07-29T17:27:14","date_gmt":"2025-07-29T15:27:14","guid":{"rendered":"https:\/\/jmponcet.fr\/?p=7697"},"modified":"2025-07-31T17:16:24","modified_gmt":"2025-07-31T15:16:24","slug":"7697","status":"publish","type":"post","link":"https:\/\/jmponcet.fr\/2025\/07\/29\/7697\/","title":{"rendered":"&#8220;Chro_no&#8221;"},"content":{"rendered":"<p>Et oui mon chronotype est plut\u00f4t tardif,<br \/>\nSe lever t\u00f4t me laisse dubitatif,<br \/>\nJe fais partie des personnes couche-tard,*<br \/>\nMais suis-je bien mo(i)_t\u00f4t ou bien un motard ?<\/p>\n<p>On se dit tu, on se dit tout ?<br \/>\nOn se situe, on se voit o\u00f9 ?<\/p>\n<p>Tu vois l\u00e0, si tu bois la cigu\u00eb ? (<del>Socrate<\/del>)<br \/>\nSi tu titubes, tu vas saoul ? (<del>Sologne<\/del>)<br \/>\nEt l\u00e0, tu vas marquer six buts ? (<del>So Foot<\/del>)<\/p>\n<p>La Chro, l\u00e0 c&#8217;est no (avant la moto),<br \/>\nLe chrono c&#8217;est oui (avant la momie).<\/p>\n<p>JMP (\u00a9 2025)<\/p>\n<p><em>*&#8221;Fais t\u00f4t ou f\u00eatard ?&#8221;<\/em><br \/>\n<em>Le monde appartient \u00e0 celui qui se l\u00e8ve t\u00f4t,<\/em><br \/>\n<em>Le mot appartient \u00e0 celui qui se fait (mo)tard !<\/em><\/p>\n<p><em>Cf. &#8220;Se coucher tard, nuit.&#8221; (R. Devos)<\/em><\/p>\n","protected":false},"excerpt":{"rendered":"<p>Et oui mon chronotype est plut\u00f4t tardif, Se lever t\u00f4t me laisse dubitatif, Je fais partie des personnes couche-tard,* Mais suis-je bien mo(i)_t\u00f4t ou bien un motard ? On se dit tu, on se dit tout ? On se situe, on se voit o\u00f9 ? Tu vois l\u00e0, si tu [&hellip;]<\/p>\n","protected":false},"author":45,"featured_media":7698,"comment_status":"closed","ping_status":"open","sticky":false,"template":"","format":"standard","meta":{"_acf_changed":false,"footnotes":""},"categories":[58],"tags":[],"class_list":["post-7697","post","type-post","status-publish","format-standard","has-post-thumbnail","hentry","category-poemes"],"acf":[],"aioseo_notices":[],"_links":{"self":[{"href":"https:\/\/jmponcet.fr\/nov-apijson\/wp\/v2\/posts\/7697","targetHints":{"allow":["GET"]}}],"collection":[{"href":"https:\/\/jmponcet.fr\/nov-apijson\/wp\/v2\/posts"}],"about":[{"href":"https:\/\/jmponcet.fr\/nov-apijson\/wp\/v2\/types\/post"}],"author":[{"embeddable":true,"href":"https:\/\/jmponcet.fr\/nov-apijson\/wp\/v2\/users\/45"}],"replies":[{"embeddable":true,"href":"https:\/\/jmponcet.fr\/nov-apijson\/wp\/v2\/comments?post=7697"}],"version-history":[{"count":4,"href":"https:\/\/jmponcet.fr\/nov-apijson\/wp\/v2\/posts\/7697\/revisions"}],"predecessor-version":[{"id":7706,"href":"https:\/\/jmponcet.fr\/nov-apijson\/wp\/v2\/posts\/7697\/revisions\/7706"}],"wp:featuredmedia":[{"embeddable":true,"href":"https:\/\/jmponcet.fr\/nov-apijson\/wp\/v2\/media\/7698"}],"wp:attachment":[{"href":"https:\/\/jmponcet.fr\/nov-apijson\/wp\/v2\/media?parent=7697"}],"wp:term":[{"taxonomy":"category","embeddable":true,"href":"https:\/\/jmponcet.fr\/nov-apijson\/wp\/v2\/categories?post=7697"},{"taxonomy":"post_tag","embeddable":true,"href":"https:\/\/jmponcet.fr\/nov-apijson\/wp\/v2\/tags?post=7697"}],"curies":[{"name":"wp","href":"https:\/\/api.w.org\/{rel}","templated":true}]}}