{"id":7468,"date":"2025-07-03T16:06:14","date_gmt":"2025-07-03T14:06:14","guid":{"rendered":"https:\/\/jmponcet.fr\/?p=7468"},"modified":"2025-07-03T16:33:12","modified_gmt":"2025-07-03T14:33:12","slug":"le-dernier-des-canniers","status":"publish","type":"post","link":"https:\/\/jmponcet.fr\/2025\/07\/03\/le-dernier-des-canniers\/","title":{"rendered":"&#8220;Le dernier des canniers&#8221;"},"content":{"rendered":"\t\t<div data-elementor-type=\"wp-post\" data-elementor-id=\"7468\" class=\"elementor elementor-7468\" data-elementor-settings=\"[]\">\n\t\t\t\t\t\t<div class=\"elementor-inner\">\n\t\t\t\t\t\t\t<div class=\"elementor-section-wrap\">\n\t\t\t\t\t\t\t<section class=\"elementor-section elementor-top-section elementor-element elementor-element-400821a4 elementor-section-boxed elementor-section-height-default elementor-section-height-default\" data-id=\"400821a4\" data-element_type=\"section\">\n\t\t\t\t\t\t<div class=\"elementor-container elementor-column-gap-default\">\n\t\t\t\t\t\t\t<div class=\"elementor-row\">\n\t\t\t\t\t<div class=\"elementor-column elementor-col-100 elementor-top-column elementor-element elementor-element-4e775953\" data-id=\"4e775953\" data-element_type=\"column\">\n\t\t\t<div class=\"elementor-column-wrap elementor-element-populated\">\n\t\t\t\t\t\t\t<div class=\"elementor-widget-wrap\">\n\t\t\t\t\t\t<div class=\"elementor-element elementor-element-6b386215 elementor-widget elementor-widget-text-editor\" data-id=\"6b386215\" data-element_type=\"widget\" data-widget_type=\"text-editor.default\">\n\t\t\t\t<div class=\"elementor-widget-container\">\n\t\t\t\t\t\t\t\t<div class=\"elementor-text-editor elementor-clearfix\">\n\t\t\t\t<p>Que lis-je aujourd&#8217;hui dans le magazine du D\u00e9partement ? Que le dernier <del>canut<\/del> cannier de France \u0153uvre pr\u00e8s de chez moi !<br \/>Je vous parle d&#8217;un <del>canaillou<\/del> artisan fabriquant des cannes et b\u00e2tons de randonn\u00e9e en bois naturel. C&#8217;est pas un <del>canotier<\/del> canular.<br \/>Et l&#8217;entreprise familiale, que ce Monsieur a reprise en 2011, fa\u00e7onne des cannes &#8220;alpines&#8221; depuis 1898. Diantre, depuis six g\u00e9n\u00e9rations ils n&#8217;ont pas cann\u00e9, malgr\u00e9 l&#8217;humidit\u00e9* et surtout depuis l&#8217;av\u00e8nement des b\u00e2tons t\u00e9lescopiques. Car la vie est dure pour le <del>b\u00e2tonnier<\/del>\u00a0cannier, qui a eu jusqu&#8217;\u00e0 8 salari\u00e9s \u00e0 la belle \u00e9poque.<br \/>Les ch\u00e2taigners (de 3 centim\u00e8tres de diam\u00e8tre) sont de la r\u00e9gion proche <del>du canada<\/del>, pr\u00e9lev\u00e9s l&#8217;hiver hors p\u00e9riode de <del>cannabis<\/del> s\u00e8ve. Ils sont ensuite pr\u00e9par\u00e9 longuement avec patience avant de se <del>canarder<\/del> transformer (4 grandes \u00e9tapes et 32 prises en mains diff\u00e9rentes) en un bon b\u00e2ton de marche, l\u00e9ger et durable.<br \/>Les boutiques de souvenirs en montagne <del>canonnent<\/del> raffolent de ses <del>canetons<\/del>\u00a0b\u00e2tons qu&#8217;ils font personnaliser au nom du lieu touristique. Le randonneur \u00e9vite de se <del>casser le canal carpien<\/del> fatiguer avec cet outil pr\u00e9cieux aussi pour repousser les Patous <del>et autres loups<\/del>.<br \/>Ce savoir-faire d&#8217;exception aujourd&#8217;hui a \u00e9t\u00e9 <del>canonis\u00e9<\/del> reconnu ces derni\u00e8res d\u00e9cennies par plusieurs <del>oscars<\/del> labels et troph\u00e9es.<br \/>Les a\u00efeux du <del>canap\u00e9<\/del> cannier ont fait des b\u00e2tons de ski dans les ann\u00e9es 30 (JO de Chamonix en 1924) et de nos jours, notre <del>cano\u00e9<\/del> cannier fait encore des b\u00e2tons de combat alors que la mode de la <del>canop\u00e9e<\/del> canne-\u00e9p\u00e9e est pass\u00e9e.<\/p><p>JMP (\u00a9 2025)<\/p><p>*l&#8217;humidit\u00e9 est <del>canalis\u00e9e<\/del>\u00a0favorable \u00e0 cette activit\u00e9 <del>canine<\/del> (il y a eu jusqu&#8217;\u00e0 7 fabricants dans le coin o\u00f9 il y avait des marais).<\/p>\t\t\t\t\t<\/div>\n\t\t\t\t\t\t<\/div>\n\t\t\t\t<\/div>\n\t\t\t\t\t\t<\/div>\n\t\t\t\t\t<\/div>\n\t\t<\/div>\n\t\t\t\t\t\t\t\t<\/div>\n\t\t\t\t\t<\/div>\n\t\t<\/section>\n\t\t\t\t\t\t<\/div>\n\t\t\t\t\t\t<\/div>\n\t\t\t\t\t<\/div>\n\t\t","protected":false},"excerpt":{"rendered":"<p>Que lis-je aujourd&#8217;hui dans le magazine du D\u00e9partement ? Que le dernier canut cannier de France \u0153uvre pr\u00e8s de chez moi !Je vous parle d&#8217;un canaillou artisan fabriquant des cannes et b\u00e2tons de randonn\u00e9e en bois naturel. C&#8217;est pas un canotier canular.Et l&#8217;entreprise familiale, que ce Monsieur a reprise en [&hellip;]<\/p>\n","protected":false},"author":45,"featured_media":7469,"comment_status":"closed","ping_status":"open","sticky":false,"template":"","format":"standard","meta":{"_acf_changed":false,"footnotes":""},"categories":[59],"tags":[],"class_list":["post-7468","post","type-post","status-publish","format-standard","has-post-thumbnail","hentry","category-recits"],"acf":[],"aioseo_notices":[],"_links":{"self":[{"href":"https:\/\/jmponcet.fr\/nov-apijson\/wp\/v2\/posts\/7468","targetHints":{"allow":["GET"]}}],"collection":[{"href":"https:\/\/jmponcet.fr\/nov-apijson\/wp\/v2\/posts"}],"about":[{"href":"https:\/\/jmponcet.fr\/nov-apijson\/wp\/v2\/types\/post"}],"author":[{"embeddable":true,"href":"https:\/\/jmponcet.fr\/nov-apijson\/wp\/v2\/users\/45"}],"replies":[{"embeddable":true,"href":"https:\/\/jmponcet.fr\/nov-apijson\/wp\/v2\/comments?post=7468"}],"version-history":[{"count":4,"href":"https:\/\/jmponcet.fr\/nov-apijson\/wp\/v2\/posts\/7468\/revisions"}],"predecessor-version":[{"id":7477,"href":"https:\/\/jmponcet.fr\/nov-apijson\/wp\/v2\/posts\/7468\/revisions\/7477"}],"wp:featuredmedia":[{"embeddable":true,"href":"https:\/\/jmponcet.fr\/nov-apijson\/wp\/v2\/media\/7469"}],"wp:attachment":[{"href":"https:\/\/jmponcet.fr\/nov-apijson\/wp\/v2\/media?parent=7468"}],"wp:term":[{"taxonomy":"category","embeddable":true,"href":"https:\/\/jmponcet.fr\/nov-apijson\/wp\/v2\/categories?post=7468"},{"taxonomy":"post_tag","embeddable":true,"href":"https:\/\/jmponcet.fr\/nov-apijson\/wp\/v2\/tags?post=7468"}],"curies":[{"name":"wp","href":"https:\/\/api.w.org\/{rel}","templated":true}]}}