{"id":6107,"date":"2025-02-19T19:40:16","date_gmt":"2025-02-19T18:40:16","guid":{"rendered":"https:\/\/jmponcet.fr\/?p=6107"},"modified":"2025-02-19T19:40:16","modified_gmt":"2025-02-19T18:40:16","slug":"la-maison-blanche","status":"publish","type":"post","link":"https:\/\/jmponcet.fr\/2025\/02\/19\/la-maison-blanche\/","title":{"rendered":"&#8220;La maison blanche&#8221;"},"content":{"rendered":"<p>D&#8217;aucuns l&#8217;appelaient la maison blanche,<br \/>\nC&#8217;\u00e9tait bien la maison de mon enfance,<br \/>\nAu fond du village, avant la patte-d&#8217;oie,<br \/>\nQuand on vient de Sainte-Marie d&#8217;Alloix,<br \/>\nAvec ses persiennes en vert et blanc,<br \/>\nJ&#8217;ai v\u00e9cu vingt ans avec mes grands-parents,<br \/>\nSon jardin fleuri et sa grille de fer,<br \/>\nSous les vieux platanes \u00e9tait mon univers,<br \/>\nA jouer des heures aux petits soldats,<br \/>\nA courir toujours de la cave au galetas,<br \/>\nPas loin du chien, des poules et des lapins,<br \/>\nCar la ferme avait gard\u00e9 en son sein,<br \/>\nDe grands potagers et un pr\u00e9 pour le foin,<br \/>\nAu printemps, on accueillait les poussins,<br \/>\nLes \u0153ufs, le soir, j&#8217;allais r\u00e9colter,<br \/>\nMon c\u0153ur, c&#8217;est s\u00fbr, lui y est rest\u00e9.<\/p>\n<p>JMP (\u00a9 2024)<\/p>\n","protected":false},"excerpt":{"rendered":"<p>D&#8217;aucuns l&#8217;appelaient la maison blanche, C&#8217;\u00e9tait bien la maison de mon enfance, Au fond du village, avant la patte-d&#8217;oie, Quand on vient de Sainte-Marie d&#8217;Alloix, Avec ses persiennes en vert et blanc, J&#8217;ai v\u00e9cu vingt ans avec mes grands-parents, Son jardin fleuri et sa grille de fer, Sous les vieux [&hellip;]<\/p>\n","protected":false},"author":45,"featured_media":6108,"comment_status":"closed","ping_status":"open","sticky":false,"template":"","format":"standard","meta":{"_acf_changed":false,"footnotes":""},"categories":[58],"tags":[],"class_list":["post-6107","post","type-post","status-publish","format-standard","has-post-thumbnail","hentry","category-poemes"],"acf":[],"aioseo_notices":[],"_links":{"self":[{"href":"https:\/\/jmponcet.fr\/nov-apijson\/wp\/v2\/posts\/6107","targetHints":{"allow":["GET"]}}],"collection":[{"href":"https:\/\/jmponcet.fr\/nov-apijson\/wp\/v2\/posts"}],"about":[{"href":"https:\/\/jmponcet.fr\/nov-apijson\/wp\/v2\/types\/post"}],"author":[{"embeddable":true,"href":"https:\/\/jmponcet.fr\/nov-apijson\/wp\/v2\/users\/45"}],"replies":[{"embeddable":true,"href":"https:\/\/jmponcet.fr\/nov-apijson\/wp\/v2\/comments?post=6107"}],"version-history":[{"count":1,"href":"https:\/\/jmponcet.fr\/nov-apijson\/wp\/v2\/posts\/6107\/revisions"}],"predecessor-version":[{"id":6109,"href":"https:\/\/jmponcet.fr\/nov-apijson\/wp\/v2\/posts\/6107\/revisions\/6109"}],"wp:featuredmedia":[{"embeddable":true,"href":"https:\/\/jmponcet.fr\/nov-apijson\/wp\/v2\/media\/6108"}],"wp:attachment":[{"href":"https:\/\/jmponcet.fr\/nov-apijson\/wp\/v2\/media?parent=6107"}],"wp:term":[{"taxonomy":"category","embeddable":true,"href":"https:\/\/jmponcet.fr\/nov-apijson\/wp\/v2\/categories?post=6107"},{"taxonomy":"post_tag","embeddable":true,"href":"https:\/\/jmponcet.fr\/nov-apijson\/wp\/v2\/tags?post=6107"}],"curies":[{"name":"wp","href":"https:\/\/api.w.org\/{rel}","templated":true}]}}