{"id":6100,"date":"2025-02-19T19:10:06","date_gmt":"2025-02-19T18:10:06","guid":{"rendered":"https:\/\/jmponcet.fr\/?p=6100"},"modified":"2025-03-09T16:35:39","modified_gmt":"2025-03-09T15:35:39","slug":"la-route-de-la-baie","status":"publish","type":"post","link":"https:\/\/jmponcet.fr\/2025\/02\/19\/la-route-de-la-baie\/","title":{"rendered":"&#8220;La route de la baie&#8221;"},"content":{"rendered":"\t\t<div data-elementor-type=\"wp-post\" data-elementor-id=\"6100\" class=\"elementor elementor-6100\" data-elementor-settings=\"[]\">\n\t\t\t\t\t\t<div class=\"elementor-inner\">\n\t\t\t\t\t\t\t<div class=\"elementor-section-wrap\">\n\t\t\t\t\t\t\t<section class=\"elementor-section elementor-top-section elementor-element elementor-element-5cbd0fae elementor-section-boxed elementor-section-height-default elementor-section-height-default\" data-id=\"5cbd0fae\" data-element_type=\"section\">\n\t\t\t\t\t\t<div class=\"elementor-container elementor-column-gap-default\">\n\t\t\t\t\t\t\t<div class=\"elementor-row\">\n\t\t\t\t\t<div class=\"elementor-column elementor-col-100 elementor-top-column elementor-element elementor-element-5e229cbc\" data-id=\"5e229cbc\" data-element_type=\"column\">\n\t\t\t<div class=\"elementor-column-wrap elementor-element-populated\">\n\t\t\t\t\t\t\t<div class=\"elementor-widget-wrap\">\n\t\t\t\t\t\t<div class=\"elementor-element elementor-element-5ff000f7 elementor-widget elementor-widget-text-editor\" data-id=\"5ff000f7\" data-element_type=\"widget\" data-widget_type=\"text-editor.default\">\n\t\t\t\t<div class=\"elementor-widget-container\">\n\t\t\t\t\t\t\t\t<div class=\"elementor-text-editor elementor-clearfix\">\n\t\t\t\tJ&#8217;ai pris la route de la baie,\r\nC&#8217;\u00e9tait une voie qui reliait,\r\nDe Granville jusqu&#8217;\u00e0 Avranches,\r\nLe beau littoral de la Manche,\r\nJusqu&#8217;au Mont je roulais en paix,\r\nC&#8217;\u00e9tait la route de la baie.\r\n\r\nJMP 11\/09\/2024\r\n\r\n(l&#8217;essentiel : prendre la voie de &#8220;l&#8217;abbaye&#8221; et ne pas se perdre sur la route de la &#8220;baie tise&#8221;)\t\t\t\t\t<\/div>\n\t\t\t\t\t\t<\/div>\n\t\t\t\t<\/div>\n\t\t\t\t\t\t<\/div>\n\t\t\t\t\t<\/div>\n\t\t<\/div>\n\t\t\t\t\t\t\t\t<\/div>\n\t\t\t\t\t<\/div>\n\t\t<\/section>\n\t\t\t\t\t\t<\/div>\n\t\t\t\t\t\t<\/div>\n\t\t\t\t\t<\/div>\n\t\t","protected":false},"excerpt":{"rendered":"<p>J&#8217;ai pris la route de la baie, C&#8217;\u00e9tait une voie qui reliait, De Granville jusqu&#8217;\u00e0 Avranches, Le beau littoral de la Manche, Jusqu&#8217;au Mont je roulais en paix, C&#8217;\u00e9tait la route de la baie. JMP 11\/09\/2024 (l&#8217;essentiel : prendre la voie de &#8220;l&#8217;abbaye&#8221; et ne pas se perdre sur la [&hellip;]<\/p>\n","protected":false},"author":45,"featured_media":6769,"comment_status":"closed","ping_status":"open","sticky":false,"template":"","format":"standard","meta":{"_acf_changed":false,"footnotes":""},"categories":[58],"tags":[],"class_list":["post-6100","post","type-post","status-publish","format-standard","has-post-thumbnail","hentry","category-poemes"],"acf":[],"aioseo_notices":[],"_links":{"self":[{"href":"https:\/\/jmponcet.fr\/nov-apijson\/wp\/v2\/posts\/6100","targetHints":{"allow":["GET"]}}],"collection":[{"href":"https:\/\/jmponcet.fr\/nov-apijson\/wp\/v2\/posts"}],"about":[{"href":"https:\/\/jmponcet.fr\/nov-apijson\/wp\/v2\/types\/post"}],"author":[{"embeddable":true,"href":"https:\/\/jmponcet.fr\/nov-apijson\/wp\/v2\/users\/45"}],"replies":[{"embeddable":true,"href":"https:\/\/jmponcet.fr\/nov-apijson\/wp\/v2\/comments?post=6100"}],"version-history":[{"count":4,"href":"https:\/\/jmponcet.fr\/nov-apijson\/wp\/v2\/posts\/6100\/revisions"}],"predecessor-version":[{"id":6772,"href":"https:\/\/jmponcet.fr\/nov-apijson\/wp\/v2\/posts\/6100\/revisions\/6772"}],"wp:featuredmedia":[{"embeddable":true,"href":"https:\/\/jmponcet.fr\/nov-apijson\/wp\/v2\/media\/6769"}],"wp:attachment":[{"href":"https:\/\/jmponcet.fr\/nov-apijson\/wp\/v2\/media?parent=6100"}],"wp:term":[{"taxonomy":"category","embeddable":true,"href":"https:\/\/jmponcet.fr\/nov-apijson\/wp\/v2\/categories?post=6100"},{"taxonomy":"post_tag","embeddable":true,"href":"https:\/\/jmponcet.fr\/nov-apijson\/wp\/v2\/tags?post=6100"}],"curies":[{"name":"wp","href":"https:\/\/api.w.org\/{rel}","templated":true}]}}