{"id":5716,"date":"2024-12-16T22:21:17","date_gmt":"2024-12-16T21:21:17","guid":{"rendered":"https:\/\/jmponcet.fr\/?p=5716"},"modified":"2026-03-19T18:45:47","modified_gmt":"2026-03-19T17:45:47","slug":"apero-de-la-mort-a-chambery","status":"publish","type":"post","link":"https:\/\/jmponcet.fr\/2024\/12\/16\/apero-de-la-mort-a-chambery\/","title":{"rendered":"&#8220;Ap\u00e9ro de la mort&#8221; \u00e0 Chamb\u00e9ry"},"content":{"rendered":"\t\t<div data-elementor-type=\"wp-post\" data-elementor-id=\"5716\" class=\"elementor elementor-5716\" data-elementor-settings=\"[]\">\n\t\t\t\t\t\t<div class=\"elementor-inner\">\n\t\t\t\t\t\t\t<div class=\"elementor-section-wrap\">\n\t\t\t\t\t\t\t<section class=\"elementor-section elementor-top-section elementor-element elementor-element-5f2ede04 elementor-section-boxed elementor-section-height-default elementor-section-height-default\" data-id=\"5f2ede04\" data-element_type=\"section\">\n\t\t\t\t\t\t<div class=\"elementor-container elementor-column-gap-default\">\n\t\t\t\t\t\t\t<div class=\"elementor-row\">\n\t\t\t\t\t<div class=\"elementor-column elementor-col-100 elementor-top-column elementor-element elementor-element-494f2e47\" data-id=\"494f2e47\" data-element_type=\"column\">\n\t\t\t<div class=\"elementor-column-wrap elementor-element-populated\">\n\t\t\t\t\t\t\t<div class=\"elementor-widget-wrap\">\n\t\t\t\t\t\t<div class=\"elementor-element elementor-element-43db2da5 elementor-widget elementor-widget-text-editor\" data-id=\"43db2da5\" data-element_type=\"widget\" data-widget_type=\"text-editor.default\">\n\t\t\t\t<div class=\"elementor-widget-container\">\n\t\t\t\t\t\t\t\t<div class=\"elementor-text-editor elementor-clearfix\">\n\t\t\t\t<p>Sur 2024, j&#8217;ai lanc\u00e9 les &#8220;Ap\u00e9ro de la mort&#8221; \u00e0 Chamb\u00e9ry, comme l&#8217;Association HAPPY END en propose dans 48 villes.<\/p><p>&#8220;La mort concerne tout le monde, mais elle a disparu de nos vies. Elle est omnipr\u00e9sente sur les \u00e9crans, mais invisible dans le concret du quotidien. On meurt \u00e0 l\u2019h\u00f4pital, rarement chez soi&#8230;&#8221; (Christel Juquois &#8211; La Croix Novembre 2024).<\/p><p><strong>Un temps d\u2019\u00e9change pour parler librement de la fin de vie, de la mort et du deuil. Sans tabou et sans jugement.<\/strong><\/p><p>Peu banale, cette ide\u0301e peut surprendre au premier abord. Et pourtant ! Si ces rencontres n\u2019ont aucune pre\u0301tention the\u0301rapeutique, elles permettent de libe\u0301rer la parole sur ces sujets si difficiles a\u0300 aborder en socie\u0301te\u0301 et parfois avec son entourage.<\/p><p><strong>Venez donc avec nous, noyer le chagrin et d\u00e9terrer les tabous, lors de nos prochaines soir\u00e9es sur Chamb\u00e9ry les mercredi 19 mars, 4 juin ou 30 octobre 2025 ! JMP <\/strong>(participation gratuite \/ inscription en ligne \/ acc\u00e8s deux mois avant les dates)<\/p><div id=\"attachment_5718\" style=\"width: 310px\" class=\"wp-caption alignnone\"><img decoding=\"async\" aria-describedby=\"caption-attachment-5718\" src=\"https:\/\/jmponcet.fr\/wp-content\/uploads\/2024\/12\/Capture-Le-DL-article-Ingrid-Debiolles-4-dec-2024-300x246.png\" alt=\"Le DAUPHINE LIBERE \" width=\"300\" height=\"246\" class=\"size-medium wp-image-5718\" srcset=\"https:\/\/jmponcet.fr\/wp-content\/uploads\/2024\/12\/Capture-Le-DL-article-Ingrid-Debiolles-4-dec-2024-300x246.png 300w, https:\/\/jmponcet.fr\/wp-content\/uploads\/2024\/12\/Capture-Le-DL-article-Ingrid-Debiolles-4-dec-2024-1024x839.png 1024w, https:\/\/jmponcet.fr\/wp-content\/uploads\/2024\/12\/Capture-Le-DL-article-Ingrid-Debiolles-4-dec-2024-768x629.png 768w, https:\/\/jmponcet.fr\/wp-content\/uploads\/2024\/12\/Capture-Le-DL-article-Ingrid-Debiolles-4-dec-2024-500x410.png 500w, https:\/\/jmponcet.fr\/wp-content\/uploads\/2024\/12\/Capture-Le-DL-article-Ingrid-Debiolles-4-dec-2024-600x492.png 600w, https:\/\/jmponcet.fr\/wp-content\/uploads\/2024\/12\/Capture-Le-DL-article-Ingrid-Debiolles-4-dec-2024.png 1063w\" sizes=\"(max-width: 300px) 100vw, 300px\" \/><p id=\"caption-attachment-5718\" class=\"wp-caption-text\">Immersion d&#8217;une journaliste dans un Ap\u00e9ro de la mort \u00e0 Chamb\u00e9ry en novembre 2024.<\/p><\/div><p><a href=\"https:\/\/jmponcet.fr\/wp-content\/uploads\/2024\/12\/Le-Dauphine-Libere-Chambery-et-Aix-les-Bains-2024-12-04-p8.pdf\">Le Dauphin\u00e9 Lib\u00e9r\u00e9 Chamb\u00e9ry et Aix-les-Bains 2024 12 04 p8<\/a><\/p><p>Le site-ressources de l&#8217;Association HAPPY END : <a href=\"https:\/\/www.happyend.life\" target=\"_blank\" title=\"Ap\u00e9ro de la mort\" rel=\"noopener\">https:\/\/www.happyend.life<\/a><\/p><p>Autres liens :<br \/><a href=\"https:\/\/www.parlons-fin-de-vie.fr\/je-suis-un-proche\/deuil\/\" target=\"_blank\" title=\"Le site informatif du CNFVSP\" rel=\"noopener\">https:\/\/www.parlons-fin-de-vie.fr\/je-suis-un-proche\/deuil\/<\/a><br \/><a href=\"https:\/\/www.vivre-son-deuil.com\/\" target=\"_blank\" title=\"FEVFD\" rel=\"noopener\">https:\/\/www.vivre-son-deuil.com\/<\/a><\/p>\t\t\t\t\t<\/div>\n\t\t\t\t\t\t<\/div>\n\t\t\t\t<\/div>\n\t\t\t\t\t\t<\/div>\n\t\t\t\t\t<\/div>\n\t\t<\/div>\n\t\t\t\t\t\t\t\t<\/div>\n\t\t\t\t\t<\/div>\n\t\t<\/section>\n\t\t\t\t\t\t<\/div>\n\t\t\t\t\t\t<\/div>\n\t\t\t\t\t<\/div>\n\t\t","protected":false},"excerpt":{"rendered":"<p>Venez donc avec nous, noyer le chagrin et d\u00e9terrer les tabous, lors de nos prochaines soir\u00e9es sur Chamb\u00e9ry les mercredi 19 mars et 4 juin 2025 ! <\/p>\n","protected":false},"author":45,"featured_media":5717,"comment_status":"closed","ping_status":"open","sticky":false,"template":"","format":"standard","meta":{"_acf_changed":false,"footnotes":""},"categories":[32],"tags":[],"class_list":["post-5716","post","type-post","status-publish","format-standard","has-post-thumbnail","hentry","category-actualites"],"acf":[],"aioseo_notices":[],"_links":{"self":[{"href":"https:\/\/jmponcet.fr\/nov-apijson\/wp\/v2\/posts\/5716","targetHints":{"allow":["GET"]}}],"collection":[{"href":"https:\/\/jmponcet.fr\/nov-apijson\/wp\/v2\/posts"}],"about":[{"href":"https:\/\/jmponcet.fr\/nov-apijson\/wp\/v2\/types\/post"}],"author":[{"embeddable":true,"href":"https:\/\/jmponcet.fr\/nov-apijson\/wp\/v2\/users\/45"}],"replies":[{"embeddable":true,"href":"https:\/\/jmponcet.fr\/nov-apijson\/wp\/v2\/comments?post=5716"}],"version-history":[{"count":19,"href":"https:\/\/jmponcet.fr\/nov-apijson\/wp\/v2\/posts\/5716\/revisions"}],"predecessor-version":[{"id":9075,"href":"https:\/\/jmponcet.fr\/nov-apijson\/wp\/v2\/posts\/5716\/revisions\/9075"}],"wp:featuredmedia":[{"embeddable":true,"href":"https:\/\/jmponcet.fr\/nov-apijson\/wp\/v2\/media\/5717"}],"wp:attachment":[{"href":"https:\/\/jmponcet.fr\/nov-apijson\/wp\/v2\/media?parent=5716"}],"wp:term":[{"taxonomy":"category","embeddable":true,"href":"https:\/\/jmponcet.fr\/nov-apijson\/wp\/v2\/categories?post=5716"},{"taxonomy":"post_tag","embeddable":true,"href":"https:\/\/jmponcet.fr\/nov-apijson\/wp\/v2\/tags?post=5716"}],"curies":[{"name":"wp","href":"https:\/\/api.w.org\/{rel}","templated":true}]}}