{"id":5450,"date":"2024-05-06T17:24:13","date_gmt":"2024-05-06T15:24:13","guid":{"rendered":"https:\/\/jmponcet.fr\/?p=5450"},"modified":"2024-09-28T15:15:10","modified_gmt":"2024-09-28T13:15:10","slug":"lapero-de-la-mort-debarque-a-chambery-le-4-juin","status":"publish","type":"post","link":"https:\/\/jmponcet.fr\/2024\/05\/06\/lapero-de-la-mort-debarque-a-chambery-le-4-juin\/","title":{"rendered":"Les Ap\u00e9ro de la mort en Savoie !"},"content":{"rendered":"\t\t<div data-elementor-type=\"wp-post\" data-elementor-id=\"5450\" class=\"elementor elementor-5450\" data-elementor-settings=\"[]\">\n\t\t\t\t\t\t<div class=\"elementor-inner\">\n\t\t\t\t\t\t\t<div class=\"elementor-section-wrap\">\n\t\t\t\t\t\t\t<section class=\"elementor-section elementor-top-section elementor-element elementor-element-198c8b73 elementor-section-boxed elementor-section-height-default elementor-section-height-default\" data-id=\"198c8b73\" data-element_type=\"section\">\n\t\t\t\t\t\t<div class=\"elementor-container elementor-column-gap-default\">\n\t\t\t\t\t\t\t<div class=\"elementor-row\">\n\t\t\t\t\t<div class=\"elementor-column elementor-col-100 elementor-top-column elementor-element elementor-element-253b0967\" data-id=\"253b0967\" data-element_type=\"column\">\n\t\t\t<div class=\"elementor-column-wrap elementor-element-populated\">\n\t\t\t\t\t\t\t<div class=\"elementor-widget-wrap\">\n\t\t\t\t\t\t<div class=\"elementor-element elementor-element-806eabe elementor-widget elementor-widget-text-editor\" data-id=\"806eabe\" data-element_type=\"widget\" data-widget_type=\"text-editor.default\">\n\t\t\t\t<div class=\"elementor-widget-container\">\n\t\t\t\t\t\t\t\t<div class=\"elementor-text-editor elementor-clearfix\">\n\t\t\t\t<p>L\u2019Ap\u00e9ro de la mort d\u00e9barque \u00e0 Chamb\u00e9ry le 4 juin !<\/p><p><strong>Un temps d&#8217;\u00e9change pour parler librement de la fin de vie, de la mort et du deuil. Sans tabou et sans jugement.<\/strong><\/p><p>Peu banale, cette ide\u0301e peut surprendre au premier abord. Et pourtant ! Si ces rencontres n\u2019ont aucune pre\u0301tention the\u0301rapeutique, elles permettent de libe\u0301rer la parole sur ces sujets si difficiles a\u0300 aborder en socie\u0301te\u0301 et parfois avec son entourage.<\/p><p><strong>Le mardi 4 juin<\/strong>, de 18h30 \u00e0 20h30, \u00e0 la brasserie Aux Ducs &#8211; 2, Faubourg Reclus &#8211; 73000 Chamb\u00e9ry<\/p><p><strong>Gratuit mais sur inscription. Etre ponctuel permet une exp\u00e9rience collective de qualit\u00e9.<\/strong><\/p><p><strong>Anim\u00e9 par Dani\u00e8le Cusin, accompagnante professionnelle du deuil et Jean-Michel Poncet, coach professionnel depuis 18 ans et co-rapporteur de la Convention Citoyenne sur la fin de vie \u00e0 l&#8217;Elys\u00e9e et \u00e0 l&#8217;Assembl\u00e9e Nationale (2022-2024).<\/strong><\/p><p>Plus d&#8217;infos sur l&#8217;Association HAPPY END : <a href=\"https:\/\/www.happyend.life\/nos-evenements\" target=\"_blank\" title=\"https:\/\/www.happyend.life\/nos-evenements\" rel=\"noopener\">https:\/\/www.happyend.life\/nos-evenements<\/a><\/p><p><strong><em>Les prochaines soir\u00e9es dans notre r\u00e9gion : <a href=\"https:\/\/www.happyend.life\/evenement\/apero-de-la-mort-a-annecy\/\" target=\"_blank\" title=\"Ap\u00e9ro de la mort Annecy 24 sept 2024\" rel=\"noopener\">mardi 24 septembre \u00e0 Annecy<\/a> et <a href=\"https:\/\/www.happyend.life\/evenement\/apero-de-la-mort-a-chambery\/\" target=\"_blank\" title=\"Soir\u00e9e fin de vie - deuil \u00e0 Chamb\u00e9ry le 27 nov 2024\" rel=\"noopener\">mercredi 27 novembre \u00e0 Chamb\u00e9ry.<\/a><\/em><\/strong><\/p>\t\t\t\t\t<\/div>\n\t\t\t\t\t\t<\/div>\n\t\t\t\t<\/div>\n\t\t\t\t\t\t<\/div>\n\t\t\t\t\t<\/div>\n\t\t<\/div>\n\t\t\t\t\t\t\t\t<\/div>\n\t\t\t\t\t<\/div>\n\t\t<\/section>\n\t\t\t\t\t\t<\/div>\n\t\t\t\t\t\t<\/div>\n\t\t\t\t\t<\/div>\n\t\t","protected":false},"excerpt":{"rendered":"<p>Un espace d&#8217;\u00e9coute et d&#8217;\u00e9change convivial et sans tabou sur le deuil organis\u00e9 par Happy End l&#8217;Asso. Gratuit. Inscription obligatoire.<\/p>\n","protected":false},"author":45,"featured_media":5451,"comment_status":"closed","ping_status":"open","sticky":false,"template":"","format":"standard","meta":{"_acf_changed":false,"footnotes":""},"categories":[32],"tags":[],"class_list":["post-5450","post","type-post","status-publish","format-standard","has-post-thumbnail","hentry","category-actualites"],"acf":[],"aioseo_notices":[],"_links":{"self":[{"href":"https:\/\/jmponcet.fr\/nov-apijson\/wp\/v2\/posts\/5450","targetHints":{"allow":["GET"]}}],"collection":[{"href":"https:\/\/jmponcet.fr\/nov-apijson\/wp\/v2\/posts"}],"about":[{"href":"https:\/\/jmponcet.fr\/nov-apijson\/wp\/v2\/types\/post"}],"author":[{"embeddable":true,"href":"https:\/\/jmponcet.fr\/nov-apijson\/wp\/v2\/users\/45"}],"replies":[{"embeddable":true,"href":"https:\/\/jmponcet.fr\/nov-apijson\/wp\/v2\/comments?post=5450"}],"version-history":[{"count":19,"href":"https:\/\/jmponcet.fr\/nov-apijson\/wp\/v2\/posts\/5450\/revisions"}],"predecessor-version":[{"id":5556,"href":"https:\/\/jmponcet.fr\/nov-apijson\/wp\/v2\/posts\/5450\/revisions\/5556"}],"wp:featuredmedia":[{"embeddable":true,"href":"https:\/\/jmponcet.fr\/nov-apijson\/wp\/v2\/media\/5451"}],"wp:attachment":[{"href":"https:\/\/jmponcet.fr\/nov-apijson\/wp\/v2\/media?parent=5450"}],"wp:term":[{"taxonomy":"category","embeddable":true,"href":"https:\/\/jmponcet.fr\/nov-apijson\/wp\/v2\/categories?post=5450"},{"taxonomy":"post_tag","embeddable":true,"href":"https:\/\/jmponcet.fr\/nov-apijson\/wp\/v2\/tags?post=5450"}],"curies":[{"name":"wp","href":"https:\/\/api.w.org\/{rel}","templated":true}]}}