{"id":7230,"date":"2025-05-25T18:55:31","date_gmt":"2025-05-25T16:55:31","guid":{"rendered":"https:\/\/jmponcet.fr\/?post_type=blog&#038;p=7230"},"modified":"2025-07-05T09:14:46","modified_gmt":"2025-07-05T07:14:46","slug":"la-maladie-de-kawasaki","status":"publish","type":"blog","link":"https:\/\/jmponcet.fr\/blog\/la-maladie-de-kawasaki\/","title":{"rendered":"&#8220;La maladie de Kawasaki&#8221;"},"content":{"rendered":"\t\t<div data-elementor-type=\"wp-post\" data-elementor-id=\"7230\" class=\"elementor elementor-7230\" data-elementor-settings=\"[]\">\n\t\t\t\t\t\t<div class=\"elementor-inner\">\n\t\t\t\t\t\t\t<div class=\"elementor-section-wrap\">\n\t\t\t\t\t\t\t<section class=\"elementor-section elementor-top-section elementor-element elementor-element-76327197 elementor-section-boxed elementor-section-height-default elementor-section-height-default\" data-id=\"76327197\" data-element_type=\"section\">\n\t\t\t\t\t\t<div class=\"elementor-container elementor-column-gap-default\">\n\t\t\t\t\t\t\t<div class=\"elementor-row\">\n\t\t\t\t\t<div class=\"elementor-column elementor-col-100 elementor-top-column elementor-element elementor-element-3656ccd8\" data-id=\"3656ccd8\" data-element_type=\"column\">\n\t\t\t<div class=\"elementor-column-wrap elementor-element-populated\">\n\t\t\t\t\t\t\t<div class=\"elementor-widget-wrap\">\n\t\t\t\t\t\t<div class=\"elementor-element elementor-element-bf9e8f2 elementor-widget elementor-widget-text-editor\" data-id=\"bf9e8f2\" data-element_type=\"widget\" data-widget_type=\"text-editor.default\">\n\t\t\t\t<div class=\"elementor-widget-container\">\n\t\t\t\t\t\t\t\t<div class=\"elementor-text-editor elementor-clearfix\">\n\t\t\t\t<p><strong>Chronique Terrienne n\u00b0 277<\/strong> Elle est caract\u00e9ris\u00e9e par une inflammation des vaisseaux sanguins dans tout le corps. Sans rentrer dans les d\u00e9tails m\u00e9dicaux, je viens d&#8217;apprendre que c&#8217;est une maladie infantile, d&#8217;origine immunologique. Sa cause est inconnue, mais certains \u00e9l\u00e9ments font penser \u00e0 une origine d\u2019ordre infectieux.<\/p><p>La fameuse fi\u00e8vre&#8230; de la moto que j&#8217;ai attrap\u00e9 tr\u00e8s t\u00f4t, me dis-je soudain ! Certains enfants pr\u00e9sentent des complications cardiaques mais elles ne sont que rarement mortelles. Ouf, j&#8217;ai bien le souvenir de palpitations devant les posters de japonaises de l\u00e9gende que j&#8217;affichais dans ma chambre d&#8217;ado.*<strong> J&#8217;ai donc eu chaud en d\u00e9couvrant ainsi aujourd&#8217;hui que la maladie de Kawasaki d\u00e9clenche une r\u00e9action anormale du syst\u00e8me immunitaire chez des enfants g\u00e9n\u00e9tiquement pr\u00e9dispos\u00e9s. Je tiens donc la r\u00e9ponse \u00e0 ma passion pour la moto \ud83d\ude09<\/strong><\/p><p>Le mois dernier, j&#8217;ai eu \u00e0 nouveau quelques palpitations en entrant dans ma concession Kawasaki : &#8220;Bienvenue Jean-Michel&#8221; \u00e9tait inscrit sur un panonceau devant ma nouvelle moto flambant neuve (cf. photo). C&#8217;est la 4\u00e8me Kawa que je vais enfourcher (oui je suis malade \u00e0 vie, avec aussi \u00e0 leur \u00e9poque 2 Ducati et 2 Honda , comme d\u00e9j\u00e0 dit ici).<\/p><p><strong>Bref, je suis heureux d&#8217;avoir le moral dans les choses chouettes ! Car ceux qui me connaissent savent que la moto n&#8217;est aussi qu&#8217;un des pr\u00e9textes que j&#8217;ai trouv\u00e9 pour explorer, rencontrer, \u00e9changer et cultiver l&#8217;amiti\u00e9. Et en po\u00e9sie aussi, je pr\u00eate \u00e0 rire mais je donne \u00e0 penser.<\/strong><\/p><p><em>&#8220;On devient vieux le jour o\u00f9 l&#8217;on renonce \u00e0 devenir punk ou po\u00e8te&#8221;<\/em> \u00e9crit Rapha\u00eblle Riol. De poursuivre : <em>&#8220;On devient vieux lorsqu&#8217;on n&#8217;a plus d&#8217;envie, Envie de marcher, de chanter, de danser, de jouer, d&#8217;\u00e9crire, de rire, de sourire, de vivre&#8230;&#8221;<\/em><\/p><p><strong>Croyez-vous comme moi, que le compromis \u00e9quilibr\u00e9 &#8220;Coach Motard\u00ae &amp; po\u00e8te-avatar \u00a9&#8221; est une voie pertinente pour garder <del>sa jeunesse<\/del> son \u00e2me d&#8217;enfant ?<\/strong> Lisez donc le tr\u00e8s beau et fameux po\u00e8me &#8220;Etre jeune&#8221; de Samuel Ullman repris ci-dessous.**<\/p><p><em>&#8220;Ne me dis pas \/ Que tu n&#8217;y connais rien en po\u00e9sie \/ Tu as d\u00e9j\u00e0 tenu la main d&#8217;un enfant&#8221;&#8230;<\/em> \u00e9crit joliment S\u00e9bastien Joanniez.<\/p><p><em>&#8220;La po\u00e9sie ne parle pas de la r\u00e9alit\u00e9 \u00e0 partir de principes abstraits, mais en \u00e9coutant la r\u00e9alit\u00e9 elle-m\u00eame : le travail, l&#8217;amour, la mort et toutes ces petites et grandes choses qui remplissent la vie (&#8230;) <strong>Avec les mots de la po\u00e9sie, rassemblez ces d\u00e9sirs agit\u00e9s qui habitent le c\u0153ur de l&#8217;homme pour qu&#8217;ils ne se refroidissent et ne s&#8217;\u00e9teignent pas<\/strong> (&#8230;) Ne cessez jamais d&#8217;\u00eatre originaux et cr\u00e9atifs. Ne perdez jamais l&#8217;\u00e9merveillement d&#8217;\u00eatre en vie.&#8221;<\/em> Lettre aux po\u00e8tes (Pape Fran\u00e7ois, le 27 Mai 2023)<\/p><p>Pr\u00e9dispos\u00e9 \u00e0 rouler sur deux roues, certainement. Malade de (ma) Kawasaki ? Un p&#8217;tit p(n)eu Monsieur ! <strong>JMP<\/strong><\/p><p><em>*<\/em><br \/><em><strong>&#8220;D&#8217;o\u00f9 me vient ?&#8221;<\/strong> : <a href=\"https:\/\/jmponcet.fr\/2025\/02\/26\/dou-me-vient\/\" target=\"_blank\" title=\"Po\u00e8mes \u00e0 la flemme\" rel=\"noopener\">https:\/\/jmponcet.fr\/2025\/02\/26\/dou-me-vient\/<\/a><\/em><\/p><p><em>**<\/em><br \/><em><strong>&#8220;Etre jeune&#8221;<\/strong> de Samuel Ullman<\/em><\/p><p><em>La jeunesse n&#8217;est pas une p\u00e9riode de la vie, elle est un \u00e9tat d&#8217;esprit,<\/em><br \/><em>une question de volont\u00e9, une qualit\u00e9 de l&#8217;imagination,<\/em><br \/><em>une vigueur des \u00e9motions, la fra\u00eecheur de la source de vie,<\/em><br \/><em>une victoire du courage sur la timidit\u00e9, <\/em><br \/><em>du go\u00fbt de l&#8217;aventure sur l&#8217;amour du confort.<\/em><\/p><p><em>On ne devient pas vieux pour avoir v\u00e9cu un certain nombre d&#8217;ann\u00e9es : <\/em><br \/><em>on devient vieux parce qu&#8217;on a d\u00e9sert\u00e9 son id\u00e9al. <\/em><br \/><em>Les ann\u00e9es rident la peau ; renoncer \u00e0 son id\u00e9al ride l&#8217;\u00e2me.<\/em><\/p><p><em>Les pr\u00e9occupations, les doutes, les craintes et les d\u00e9sespoirs sont les ennemis,<\/em><br \/><em>qui lentement, nous font pencher vers la terre et devenir poussi\u00e8re avant la mort.<\/em><\/p><p><em>Jeune est celui qui s&#8217;\u00e9tonne et s&#8217;\u00e9merveille.<\/em><br \/><em>Il demande comme l&#8217;enfant insatiable : et apr\u00e8s ?<\/em><br \/><em>Il d\u00e9fie les \u00e9v\u00e9nements et trouve de la joie au jeu de la vie.<\/em><\/p><p><strong><em>Vous \u00eates aussi jeune que votre foi.<\/em><\/strong><br \/><strong><em>Aussi vieux que votre doute. <\/em><\/strong><br \/><strong><em>Aussi jeune que votre confiance.<\/em><\/strong><br \/><strong><em>Aussi vieux que votre peur.<\/em><\/strong><br \/><strong><em>Aussi jeune que votre esp\u00e9rance.<\/em><\/strong><br \/><strong><em>Aussi vieux que votre abattement.<\/em><\/strong><\/p><p><em>Vous resterez jeune tant que vous resterez r\u00e9ceptif.<\/em><br \/><em>R\u00e9ceptif \u00e0 ce qui est beau, bon et grand.<\/em><br \/><em>R\u00e9ceptif aux messages de la nature, de l&#8217;homme et de l&#8217;infini.<\/em><\/p><p><em>Si votre esprit se recouvre de la glace du cynisme et du pessimisme,<\/em><br \/><em>alors vous vieillirez, m\u00eame \u00e0 vingt ans. Mais si vous restez ouvert<\/em><br \/><em>et que vous captez l&#8217;esp\u00e9rance, vous mourrez jeune \u00e0 quatre-vingts ans !<\/em><\/p><p><em>PS : Samuel Ullman (n\u00e9 le 13 avril 1840 \u00e0 Hechingen en Allemagne &#8211; mort le 21 mars 1924 \u00e0 Birmingham dans l&#8217;Alabama) est un po\u00e8te et homme d&#8217;affaires am\u00e9ricain. Il est aujourd&#8217;hui principalement connu pour son po\u00e8me &#8220;Youth&#8221; : c&#8217;\u00e9tait le favori du g\u00e9n\u00e9ral Douglas MacArthur, qu&#8217;il avait notamment accroch\u00e9 sur le mur de son bureau \u00e0 Tokyo quand il est devenu commandant supr\u00eame des forces alli\u00e9es au Japon.<\/em><\/p>\t\t\t\t\t<\/div>\n\t\t\t\t\t\t<\/div>\n\t\t\t\t<\/div>\n\t\t\t\t\t\t<\/div>\n\t\t\t\t\t<\/div>\n\t\t<\/div>\n\t\t\t\t\t\t\t\t<\/div>\n\t\t\t\t\t<\/div>\n\t\t<\/section>\n\t\t\t\t\t\t<\/div>\n\t\t\t\t\t\t<\/div>\n\t\t\t\t\t<\/div>\n\t\t","protected":false},"featured_media":7231,"template":"","themes":[39,38,36],"class_list":["post-7230","blog","type-blog","status-publish","has-post-thumbnail","hentry","themes-changement","themes-confiance","themes-test1"],"acf":[],"aioseo_notices":[],"_links":{"self":[{"href":"https:\/\/jmponcet.fr\/nov-apijson\/wp\/v2\/blog\/7230","targetHints":{"allow":["GET"]}}],"collection":[{"href":"https:\/\/jmponcet.fr\/nov-apijson\/wp\/v2\/blog"}],"about":[{"href":"https:\/\/jmponcet.fr\/nov-apijson\/wp\/v2\/types\/blog"}],"version-history":[{"count":8,"href":"https:\/\/jmponcet.fr\/nov-apijson\/wp\/v2\/blog\/7230\/revisions"}],"predecessor-version":[{"id":7519,"href":"https:\/\/jmponcet.fr\/nov-apijson\/wp\/v2\/blog\/7230\/revisions\/7519"}],"wp:featuredmedia":[{"embeddable":true,"href":"https:\/\/jmponcet.fr\/nov-apijson\/wp\/v2\/media\/7231"}],"wp:attachment":[{"href":"https:\/\/jmponcet.fr\/nov-apijson\/wp\/v2\/media?parent=7230"}],"wp:term":[{"taxonomy":"themes","embeddable":true,"href":"https:\/\/jmponcet.fr\/nov-apijson\/wp\/v2\/themes?post=7230"}],"curies":[{"name":"wp","href":"https:\/\/api.w.org\/{rel}","templated":true}]}}