{"id":7121,"date":"2025-05-01T20:01:20","date_gmt":"2025-05-01T18:01:20","guid":{"rendered":"https:\/\/jmponcet.fr\/?post_type=blog&#038;p=7121"},"modified":"2025-05-02T22:31:34","modified_gmt":"2025-05-02T20:31:34","slug":"jignore-donc-je-suis","status":"publish","type":"blog","link":"https:\/\/jmponcet.fr\/blog\/jignore-donc-je-suis\/","title":{"rendered":"&#8220;J&#8217;ignore, donc je suis&#8230;&#8221;"},"content":{"rendered":"\t\t<div data-elementor-type=\"wp-post\" data-elementor-id=\"7121\" class=\"elementor elementor-7121\" data-elementor-settings=\"[]\">\n\t\t\t\t\t\t<div class=\"elementor-inner\">\n\t\t\t\t\t\t\t<div class=\"elementor-section-wrap\">\n\t\t\t\t\t\t\t<section class=\"elementor-section elementor-top-section elementor-element elementor-element-5b36ed2f elementor-section-boxed elementor-section-height-default elementor-section-height-default\" data-id=\"5b36ed2f\" data-element_type=\"section\">\n\t\t\t\t\t\t<div class=\"elementor-container elementor-column-gap-default\">\n\t\t\t\t\t\t\t<div class=\"elementor-row\">\n\t\t\t\t\t<div class=\"elementor-column elementor-col-100 elementor-top-column elementor-element elementor-element-243a9938\" data-id=\"243a9938\" data-element_type=\"column\">\n\t\t\t<div class=\"elementor-column-wrap elementor-element-populated\">\n\t\t\t\t\t\t\t<div class=\"elementor-widget-wrap\">\n\t\t\t\t\t\t<div class=\"elementor-element elementor-element-4dca36e elementor-widget elementor-widget-text-editor\" data-id=\"4dca36e\" data-element_type=\"widget\" data-widget_type=\"text-editor.default\">\n\t\t\t\t<div class=\"elementor-widget-container\">\n\t\t\t\t\t\t\t\t<div class=\"elementor-text-editor elementor-clearfix\">\n\t\t\t\t<p><strong>Chronique Terrienne n\u00b0 276 <\/strong>En effet, si je n&#8217;ai pas de connaissance par moi-m\u00eame, je vais suivre toute ma vie le premier venu ou celui qui parlera le plus fort. Mais si je sais que je ne sais pas (ou tr\u00e8s peu), je vais chercher et je vais forc\u00e9ment devenir meilleur.<\/p><p><strong><em>&#8220;Si l&#8217;on dit que je suis le plus savant, c&#8217;est parce que je me sais ignorant&#8221;<\/em> disait Socrate, <\/strong>qui rajoutait :<strong><em>&#8220;Personne ne sait rien&#8221;&#8230; <\/em><\/strong>Dans notre XXI\u00e8me si\u00e8cle hyper technologique, on a notamment fait une d\u00e9couverte incroyable l&#8217;an dernier : la toute premi\u00e8re exoplan\u00e8te circumbinaire polaire. Personne ne pensait qu&#8217;une chose telle puisse exister quelque part. On l&#8217;a vue a seulement 120 ann\u00e9es-lumi\u00e8re de la terre en avril 2024.*<\/p><p><strong>Savoir \u00e0 la fois que nous ne poss\u00e9derons sans doute jamais la v\u00e9rit\u00e9, mais que justement, il s&#8217;agit bien de la rechercher sa vie durant, devrait \u00eatre le mantra de chacun.<\/strong> <em>&#8220;L&#8217;homme, plus il \u00e9tudie, plus il devient humble, car \u00e0 mesure qu&#8217;il apprend, il d\u00e9couvre l&#8217;immensit\u00e9 de son ignorance&#8221;<\/em> disait Aristote.<\/p><p><strong><em>&#8220;Une vie qui n&#8217;est pas examin\u00e9e ne vaut pas la peine d&#8217;\u00eatre v\u00e9cue&#8221;<\/em> \u00e9crivait Platon dans son &#8220;Apologie de Socrate&#8221;.<\/strong> <em>&#8220;Une existence qui se d\u00e9roule m\u00e9caniquement, sans r\u00e9fl\u00e9chir \u00e0 ce qu&#8217;elle est, est sans int\u00e9r\u00eat. Tout s&#8217;encha\u00eene, on respire, on mange, on dort, on se r\u00e9veille, on recommence&#8230; Sans y penser, sans regarder ce qu&#8217;on fait, comment on le fait, sans chercher le sens que \u00e7a peut avoir. Cette vie l\u00e0 n&#8217;est pas une vie v\u00e9ritable. C&#8217;est une existence de l\u00e9gume, une survie dans le coma. Notre vie doit r\u00e9guli\u00e8rement \u00eatre contempl\u00e9e, activement interrog\u00e9e, jug\u00e9e, pour changer ce qui doit l&#8217;\u00eatre. Chacun nous devons devenir plus humain, plus conforme \u00e0 notre nature et \u00e0 notre place dans le monde&#8230;&#8221;<\/em>**<\/p><p><strong>Alors que dans nos pays d\u00e9mocratiques, aujourd&#8217;hui, nous n&#8217;avons jamais eu les plus grandes possibilit\u00e9s (et facilit\u00e9s) de nous instruire en permanence, de grandir, de mieux nous conna\u00eetre et de penser notre vie, la grande majorit\u00e9 de nos contemporains se vautre massivement dans le consum\u00e9risme.<\/strong> Celui-ci devenant en ce si\u00e8cle, totalement incontr\u00f4lable pour la plupart ; il r\u00e8gne ainsi sur leur vie, totalement, avec sa surench\u00e8re d&#8217;\u00e9motions de plus en plus fortes mais de moins en moins \u00e9panouissantes (de plus en plus courtes et surement de moins en moins nobles). Quelle inanit\u00e9 ! R\u00e9voltons-nous contre la cr\u00e9tinisation de nos soci\u00e9t\u00e9s de consommation !<\/p><p><em>&#8220;M\u00eame si la philosophie, qui est l&#8217;art de poser des questions, ne nous permet pas forc\u00e9ment toujours d&#8217;y r\u00e9pondre, l&#8217;enseignement du Christ est une somme de r\u00e9ponses aux vraies questions que nous nous refusons de nous poser&#8221;<\/em> \u00e9crit Michel Trouv\u00e9.<\/p><p>Le coaching est un bel outil pour se r\u00e9aligner dans sa vie. Un travail personnel th\u00e9rapeutique me semble indispensable \u00e0 un moment de son parcours. Le plus t\u00f4t \u00e9tant souvent le mieux. Mais se nourrir r\u00e9guli\u00e8rement de lectures profondes, de t\u00e9moignages sinc\u00e8res et d&#8217;enseignements utiles \u00e0 notre \u00e2me me semble la meilleure voie.<\/p><p><strong>Alors quand bien m\u00eame certains pensent leur vie et ne font rien de concret, d&#8217;autres pansent leur vie et ne font rien d&#8217;autre, je pense moi, que la vie ne doit pas \u00eatre seulement une succession d&#8217;activit\u00e9s<\/strong> (parfois fr\u00e9n\u00e9tiques) ! Non la vie n&#8217;est pas non plus (pour la majorit\u00e9 d&#8217;entre nous) une m\u00e9ditation &#8220;Carpe Diem&#8221;. La vie est pour moi un myst\u00e8re \u00e0 \u00e9pouser. La vie est avant tout une rencontre \u00e0 aborder. Voulez-vous bien l&#8217;examiner ? <strong>JMP<\/strong><\/p><hr \/><p>* Une plan\u00e8te g\u00e9ante qui tourne \u00e0 90 degr\u00e9s autour de deux naines brunes avec une orbite perpendiculaire, jamais observ\u00e9e directement auparavant. Elle ne tourne pas comme les autres. Elle ne suit pas le plan orbital classique de ses \u00e9toiles h\u00f4tes. Elle les contourne, \u00e0 la verticale. Et ce n\u2019est pas tout, ces deux astres sont des naines brunes, des \u00e9toiles rat\u00e9es, trop faibles pour briller, et pourtant capables de maintenir une plan\u00e8te sur cette orbite \u00e9trange. C\u2019est un myst\u00e8re total. Cette configuration remet en cause nos mod\u00e8les de formation plan\u00e9taire. Le plus fou ? Ce syst\u00e8me est aussi l\u2019un des seuls binaires \u00e0 \u00e9clipses chez les naines brunes jamais d\u00e9tect\u00e9s. Une \u00e9nigme dans l&#8217;\u00e9nigme&#8230;<\/p><p>** In <em>&#8220;Alice au pays des id\u00e9es&#8221;<\/em> de Roger-Pol Droit (Albin Michel &#8211; F\u00e9vrier 2025)<\/p>\t\t\t\t\t<\/div>\n\t\t\t\t\t\t<\/div>\n\t\t\t\t<\/div>\n\t\t\t\t\t\t<\/div>\n\t\t\t\t\t<\/div>\n\t\t<\/div>\n\t\t\t\t\t\t\t\t<\/div>\n\t\t\t\t\t<\/div>\n\t\t<\/section>\n\t\t\t\t\t\t<\/div>\n\t\t\t\t\t\t<\/div>\n\t\t\t\t\t<\/div>\n\t\t","protected":false},"featured_media":7122,"template":"","themes":[38,37,36],"class_list":["post-7121","blog","type-blog","status-publish","has-post-thumbnail","hentry","themes-confiance","themes-test2","themes-test1"],"acf":[],"aioseo_notices":[],"_links":{"self":[{"href":"https:\/\/jmponcet.fr\/nov-apijson\/wp\/v2\/blog\/7121","targetHints":{"allow":["GET"]}}],"collection":[{"href":"https:\/\/jmponcet.fr\/nov-apijson\/wp\/v2\/blog"}],"about":[{"href":"https:\/\/jmponcet.fr\/nov-apijson\/wp\/v2\/types\/blog"}],"version-history":[{"count":7,"href":"https:\/\/jmponcet.fr\/nov-apijson\/wp\/v2\/blog\/7121\/revisions"}],"predecessor-version":[{"id":7139,"href":"https:\/\/jmponcet.fr\/nov-apijson\/wp\/v2\/blog\/7121\/revisions\/7139"}],"wp:featuredmedia":[{"embeddable":true,"href":"https:\/\/jmponcet.fr\/nov-apijson\/wp\/v2\/media\/7122"}],"wp:attachment":[{"href":"https:\/\/jmponcet.fr\/nov-apijson\/wp\/v2\/media?parent=7121"}],"wp:term":[{"taxonomy":"themes","embeddable":true,"href":"https:\/\/jmponcet.fr\/nov-apijson\/wp\/v2\/themes?post=7121"}],"curies":[{"name":"wp","href":"https:\/\/api.w.org\/{rel}","templated":true}]}}