{"id":7039,"date":"2025-03-26T18:08:52","date_gmt":"2025-03-26T17:08:52","guid":{"rendered":"https:\/\/jmponcet.fr\/?post_type=blog&#038;p=7039"},"modified":"2025-04-05T10:40:37","modified_gmt":"2025-04-05T08:40:37","slug":"la-flemme-olympique","status":"publish","type":"blog","link":"https:\/\/jmponcet.fr\/blog\/la-flemme-olympique\/","title":{"rendered":"La flemme olympique !"},"content":{"rendered":"\t\t<div data-elementor-type=\"wp-post\" data-elementor-id=\"7039\" class=\"elementor elementor-7039\" data-elementor-settings=\"[]\">\n\t\t\t\t\t\t<div class=\"elementor-inner\">\n\t\t\t\t\t\t\t<div class=\"elementor-section-wrap\">\n\t\t\t\t\t\t\t<section class=\"elementor-section elementor-top-section elementor-element elementor-element-45507188 elementor-section-boxed elementor-section-height-default elementor-section-height-default\" data-id=\"45507188\" data-element_type=\"section\">\n\t\t\t\t\t\t<div class=\"elementor-container elementor-column-gap-default\">\n\t\t\t\t\t\t\t<div class=\"elementor-row\">\n\t\t\t\t\t<div class=\"elementor-column elementor-col-100 elementor-top-column elementor-element elementor-element-49a9cf1\" data-id=\"49a9cf1\" data-element_type=\"column\">\n\t\t\t<div class=\"elementor-column-wrap elementor-element-populated\">\n\t\t\t\t\t\t\t<div class=\"elementor-widget-wrap\">\n\t\t\t\t\t\t<div class=\"elementor-element elementor-element-38cfb6b2 elementor-widget elementor-widget-text-editor\" data-id=\"38cfb6b2\" data-element_type=\"widget\" data-widget_type=\"text-editor.default\">\n\t\t\t\t<div class=\"elementor-widget-container\">\n\t\t\t\t\t\t\t\t<div class=\"elementor-text-editor elementor-clearfix\">\n\t\t\t\t<p><strong>Chronique Terrienne n\u00b0 274<\/strong> Pendant un mois entier, cet hiver, j&#8217;ai not\u00e9 chaque jour le fait pr\u00e9cis qui m&#8217;avait apport\u00e9 de la joie. De petites choses simples ou des rencontres, mon cahier de gratitude (comme je le pr\u00e9conisais \u00e0 certains de mes clients en coaching) m&#8217;a bien plu et me permet de cultiver une forme d&#8217;optimisme, indispensable pour ne pas devenir renferm\u00e9 et aigri.<br \/><strong><\/strong><\/p><p><strong>J&#8217;aime cette formule : <em>&#8220;tu as le droit d&#8217;\u00eatre triste, mais tu n&#8217;as pas le droit d&#8217;aimer la tristesse.&#8221;<\/em> Vivre mieux se fait aussi simplement en se &#8220;for\u00e7ant&#8221; \u00e0 \u00e9prouver r\u00e9guli\u00e8rement de la gratitude. Car mon but est bien de garder la flamme, vous le savez !<\/strong><\/p><p>Dans les ann\u00e9es sombres actuelles, dans un environnement humain g\u00e9n\u00e9ral, caract\u00e9ris\u00e9 par l&#8217;entropie et l&#8217;obscurcissement spirituel, <strong>est-ce que je m&#8217;enfonce dans la nuit, sans m\u00eame m&#8217;en rendre compte, ou ai-je ma propre lumi\u00e8re int\u00e9rieure ?<\/strong>*<\/p><p>Avec le journal TV, le fait de <em>&#8220;catapulter un \u00eatre humain dans l&#8217;oc\u00e9an des malheurs qui frappent l&#8217;humanit\u00e9 enti\u00e8re alors m\u00eame que le r\u00e9chauffement de la plan\u00e8te implique d\u00e9j\u00e0 tous les Terriens&#8221;<\/em> (comme le dit Patrick BESSON) me semble bien inhumain !<br \/><em><\/em><\/p><p><em>&#8220;Dans notre pays, depuis la dissolution de juin 2024, le paysage de la politique \u00e9voque tant\u00f4t la guerre de tranch\u00e9e, tant\u00f4t le mar\u00e9cage. Il flotte dans l&#8217;air un curieux m\u00e9lange d&#8217;intransigeance et d&#8217;inconsistance. Difficult\u00e9s \u00e0 construire des alliances, r\u00e9ticence aux compromis&#8230;&#8221;<\/em> (La Croix l&#8217;Hebdo ) Moi qui fr\u00e9quente un peu depuis 2022 les \u00e9lus nationaux et l&#8217;Assembl\u00e9e Nationale (pour la CCFV), je suis triste de cette situation p\u00e9nalisante pour le pays.** <strong>Ceux qui veulent vivre utilement, doivent contribuer \u00e0 enrichir la vie des autres, car la valeur d&#8217;une vie se mesure aux vies qu&#8217;elle touche, non ?<\/strong><\/p><p><em>&#8220;J\u2019pourrais jouer le faux h\u00e9ros au milieu des flammes \/ Repartir \u00e0 z\u00e9ro pour un suppl\u00e9ment d\u2019\u00e2me&#8230;&#8221;<\/em> (chante Santa dans son &#8220;Popcorn sal\u00e9&#8221;)&#8230; Qui sait aujourd&#8217;hui qu&#8217;il a une \u00e2me (\u00e9ternelle) dont il est responsable ?***<\/p><p>Apr\u00e8s une carri\u00e8re enflamm\u00e9e (blague \u00e0 part, je suis officiellement en retraite ce 1er avril), je <del>po\u00e8te<\/del> p\u00e9te encore le feu (me disait r\u00e9cemment un ami). &#8220;Tout feu, tout flamme&#8221; pourrais-je rire ; mais comment fais-tu me demande un voisin ? D\u00e9clare ta flemme lui dis-je ! (lui c&#8217;est un adepte du taskmasking, l\u2019art de flemmarder au travail).<\/p><p>Comme le chante aussi Ang\u00e8le : <em>&#8220;Et j&#8217;ai la flemme, et j&#8217;ai la flemme \/ Je reste avec moi-m\u00eame et j&#8217;ai la flemme \/ Y&#8217;a toute la fame, encore plus la flemme&#8230;&#8221;<\/em> Raison de plus de <strong>ne pas s&#8217;isoler, aller toujours \u00e0 la rencontre, passer \u00e0 l&#8217;action&#8230; Faire preuve d&#8217;ouverture en permanence<\/strong> (et savoir demander de l&#8217;aide si besoin)&#8230;<\/p><p>Oui les amis, le flamme c&#8217;est aussi ce qui &#8220;pique&#8221;, c&#8217;est ainsi bien celle qu&#8217;on appelle la flamme &#8220;olympique&#8221; ! <strong>JMP<\/strong><\/p><p>*ma propre vie spirituelle (ind\u00e9pendante du contexte)&#8230; In <em><strong>&#8220;La grenouille qui ne savait pas qu&#8217;elle \u00e9tait cuite&#8230; et autres le\u00e7ons de vie.&#8221;<\/strong> <\/em>par Olivier CLERC &#8211; Illustrations d&#8217;Agathe SINGER &#8211; Marabout Editions (r\u00e9\u00e9dition d&#8217;un ouvrage de 2005 chez JC Latt\u00e8s Editions)<br \/>&#8220;Sept fables universelles que l&#8217;auteur d\u00e9crypte avec sagesse et optimisme pour mieux nous parler d&#8217;\u00e9volution, de conscience et de r\u00e9silience. Il nous pousse \u00e0 r\u00e9fl\u00e9chir \u00e0 notre propre r\u00e9activit\u00e9 face aux d\u00e9fis de la vie.&#8221;<\/p><p>**Dans un contexte d\u00e9faitiste, Pierre Bentata, professeur d&#8217;\u00e9conomie et essayiste lib\u00e9ral, vient de publier aux \u00c9ditions de l&#8217;Observatoire <em><strong>&#8220;La Mal\u00e9diction du vainqueur&#8221;<\/strong><\/em>. Le propos : nous croyons tous que l&#8217;Occident est d\u00e9cadent, mais cela n&#8217;est qu&#8217;une illusion. En r\u00e9alit\u00e9, aucun autre syst\u00e8me ne fait mieux, et encore moins les r\u00e9gimes dits &#8220;alternatifs&#8221;&#8230;<\/p><p>***supplions le Ciel de savoir nourrir notre \u00e2me en lui m\u00e9nageant du temps, de l&#8217;espace et du silence dans notre vie&#8230;<\/p><p><strong>Quatre citations inspirantes<\/strong> (pour la route) :<br \/><em>&#8211; &#8220;La pri\u00e8re est le plus grand rempart de l&#8217;\u00e2me.&#8221; Saint-Augustin<\/em><br \/><em>&#8211; &#8220;Il faut accepter les d\u00e9ceptions passag\u00e8res, mais conserver l&#8217;espoir pour l&#8217;\u00e9ternit\u00e9.&#8221; Martin Luther King<\/em><br \/><em>&#8211; &#8220;S&#8217;il t&#8217;arrive de perdre de vue la couleur de ta vie, mets-y plus de lumi\u00e8re.&#8221; Pablo Picasso<\/em><br \/><em>&#8211; &#8220;Quel est l&#8217;essentiel ? Pouvoir supporter joyeusement l&#8217;adversit\u00e9, accepter tout ce qui arrive comme si tu avais toujours voulu que cela arrive.&#8221; S\u00e9n\u00e8que<\/em><\/p>\t\t\t\t\t<\/div>\n\t\t\t\t\t\t<\/div>\n\t\t\t\t<\/div>\n\t\t\t\t\t\t<\/div>\n\t\t\t\t\t<\/div>\n\t\t<\/div>\n\t\t\t\t\t\t\t\t<\/div>\n\t\t\t\t\t<\/div>\n\t\t<\/section>\n\t\t\t\t\t\t<\/div>\n\t\t\t\t\t\t<\/div>\n\t\t\t\t\t<\/div>\n\t\t","protected":false},"featured_media":7040,"template":"","themes":[],"class_list":["post-7039","blog","type-blog","status-publish","has-post-thumbnail","hentry"],"acf":[],"aioseo_notices":[],"_links":{"self":[{"href":"https:\/\/jmponcet.fr\/nov-apijson\/wp\/v2\/blog\/7039","targetHints":{"allow":["GET"]}}],"collection":[{"href":"https:\/\/jmponcet.fr\/nov-apijson\/wp\/v2\/blog"}],"about":[{"href":"https:\/\/jmponcet.fr\/nov-apijson\/wp\/v2\/types\/blog"}],"version-history":[{"count":8,"href":"https:\/\/jmponcet.fr\/nov-apijson\/wp\/v2\/blog\/7039\/revisions"}],"predecessor-version":[{"id":7060,"href":"https:\/\/jmponcet.fr\/nov-apijson\/wp\/v2\/blog\/7039\/revisions\/7060"}],"wp:featuredmedia":[{"embeddable":true,"href":"https:\/\/jmponcet.fr\/nov-apijson\/wp\/v2\/media\/7040"}],"wp:attachment":[{"href":"https:\/\/jmponcet.fr\/nov-apijson\/wp\/v2\/media?parent=7039"}],"wp:term":[{"taxonomy":"themes","embeddable":true,"href":"https:\/\/jmponcet.fr\/nov-apijson\/wp\/v2\/themes?post=7039"}],"curies":[{"name":"wp","href":"https:\/\/api.w.org\/{rel}","templated":true}]}}