{"id":5639,"date":"2024-10-19T19:35:18","date_gmt":"2024-10-19T17:35:18","guid":{"rendered":"https:\/\/jmponcet.fr\/?post_type=blog&#038;p=5639"},"modified":"2025-02-18T18:03:56","modified_gmt":"2025-02-18T17:03:56","slug":"mort_y-faire","status":"publish","type":"blog","link":"https:\/\/jmponcet.fr\/blog\/mort_y-faire\/","title":{"rendered":"Mort_y faire !"},"content":{"rendered":"\t\t<div data-elementor-type=\"wp-post\" data-elementor-id=\"5639\" class=\"elementor elementor-5639\" data-elementor-settings=\"[]\">\n\t\t\t\t\t\t<div class=\"elementor-inner\">\n\t\t\t\t\t\t\t<div class=\"elementor-section-wrap\">\n\t\t\t\t\t\t\t<section class=\"elementor-section elementor-top-section elementor-element elementor-element-3c318071 elementor-section-boxed elementor-section-height-default elementor-section-height-default\" data-id=\"3c318071\" data-element_type=\"section\">\n\t\t\t\t\t\t<div class=\"elementor-container elementor-column-gap-default\">\n\t\t\t\t\t\t\t<div class=\"elementor-row\">\n\t\t\t\t\t<div class=\"elementor-column elementor-col-100 elementor-top-column elementor-element elementor-element-3c9ad887\" data-id=\"3c9ad887\" data-element_type=\"column\">\n\t\t\t<div class=\"elementor-column-wrap elementor-element-populated\">\n\t\t\t\t\t\t\t<div class=\"elementor-widget-wrap\">\n\t\t\t\t\t\t<div class=\"elementor-element elementor-element-78ddf2d0 elementor-widget elementor-widget-text-editor\" data-id=\"78ddf2d0\" data-element_type=\"widget\" data-widget_type=\"text-editor.default\">\n\t\t\t\t<div class=\"elementor-widget-container\">\n\t\t\t\t\t\t\t\t<div class=\"elementor-text-editor elementor-clearfix\">\n\t\t\t\t<p><strong>Chronique Terrienne n\u00b0 265<\/strong> Mortif\u00e8re, vous l&#8217;avez dit ! La religion catholique, qui a inspir\u00e9 nombre d&#8217;artistes, au cours des 20 derniers si\u00e8cles, a peu d&#8217;\u00e9cho aujourd&#8217;hui dans le milieu artistique.<\/p><p>L&#8217;effacement de la culture chr\u00e9tienne en France laisse ainsi \u00e9merger aujourd&#8217;hui le sceau de Lucifer, la croix invers\u00e9e de Satan et d&#8217;autres signes sataniques dans l&#8217;espace public. A titre d&#8217;exemple, Lilith (d\u00e9mon mi-femme mi-scorpion du III\u00e8me mill\u00e9naire avant JC), remis au go\u00fbt du jour \u00e0 Toulouse dans le spectacle urbain &#8220;La porte des t\u00e9n\u00e8bres&#8221; (sic) ; mais plus g\u00e9n\u00e9ralement le retour de l&#8217;\u00e9sot\u00e9rique, sorciers et sorci\u00e8res via les r\u00e9seaux sociaux (entres autres) est patent (en deux mots ;-). <strong>Une ambiance mortif\u00e8re se r\u00e9pand ainsi dans toutes les cr\u00e9ations artistiques, au-del\u00e0 de la mode d&#8217;Halloween* : spectacles, livres, films, jeux vid\u00e9o etc&#8230;<\/strong><\/p><p>Ce qui pose question c&#8217;est l&#8217;affichage de symboles bibliques et religieux qui font r\u00e9f\u00e9rence au diable et aux t\u00e9n\u00e8bres. Cette fascination glauque pour la noirceur (contraire \u00e0 l&#8217;esp\u00e9rance chr\u00e9tienne qui valorise la confiance, le constructif et l&#8217;amour). Je comprends bien qu&#8217;il y a l\u00e0 un juteux business des industries culturelles, qui en r\u00e9veillant de vieilles peurs d&#8217;anciennes traditions populaires font recette. Mais il est navrant de recycler des personnages \u00e9galement issues de la mythologie paganiste.<\/p><p>Pendant deux mill\u00e9naires, des chapelles, des \u00e9glises, des basiliques et des cath\u00e9drales ont \u00e9t\u00e9 dress\u00e9es vers le ciel, t\u00e9moins de la beaut\u00e9 de l&#8217;homme qui s&#8217;\u00e9l\u00e8ve (architecture, vitraux etc&#8230;). En septembre, j&#8217;ai visit\u00e9 l&#8217;abbatiale du Mont-Saint-Michel puis une Basilique dans le Perche ; quelle splendeur ! Aujourd&#8217;hui, \u00e0 contrario, on place la cam\u00e9ra dans le caniveau, dans les grottes, dans les bas-fonds.<\/p><p><strong>A quel recul civilisationnel assiste-t-on ? O\u00f9 est l&#8217;appel \u00e0 la transcendance que tout humain normalement constitu\u00e9 ressent au moins un jour dans sa vie ?<\/strong><\/p><p>Une bonne partie du monde de la culture ne veut plus rien savoir du christianisme. C&#8217;est absolument regrettable car ils manipulent des symboles n\u00e9gatifs, voire dangereux, \u00e0 l&#8217;insu d&#8217;un public (en bonne partie &#8220;innocent&#8221;), et ils orientent notamment, dans le mauvais sens, durablement l&#8217;attention des nouvelles g\u00e9n\u00e9rations.<\/p><p><strong>Dites-moi quel horizon commun peut avoir un peuple qui se d\u00e9lecte du mortif\u00e8re ainsi ? Alors que paradoxalement la mort est devenue totalement tabou dans notre si\u00e8cle.<\/strong> Tout est fait en effet, pour qu&#8217;elle soit absente de la sph\u00e8re soci\u00e9tale : plus de la moiti\u00e9 des d\u00e9c\u00e8s se passe \u00e0 l&#8217;h\u00f4pital, les rituels du deuil sont tomb\u00e9s en d\u00e9su\u00e9tude en quelques d\u00e9cennies \u00e0 peine. Cependant, presque chaque soir \u00e0 la TV, gros plan sur un macchab\u00e9e bien amoch\u00e9 au d\u00e9marrage d&#8217;un &#8220;policier&#8221;. On avait eu droit juste avant \u00e0 notre s\u00e9rie d&#8217;horreurs avec le Journal, on passe de l&#8217;actualit\u00e9 \u00e0 la fiction dans un flou ambiant qui me semble totalement aberrant pour notre sant\u00e9 mentale. <strong>Le r\u00e9el et le virtuel n&#8217;\u00e9tant plus vraiment distingu\u00e9 par nombre de nos contemporains, notamment certains jeunes<\/strong> s&#8217;adonnant aux jeux vid\u00e9o violents quotidiennement (et je n&#8217;aborderai pas ici les fake news et le complotisme).<\/p><p><strong>S&#8217;il y a une forme de malice \u00e0 cultiver par contre, c&#8217;est \u00e0 travers l&#8217;humour, le gag, la blague qui rassemble par sa convivialit\u00e9, qui cultive ainsi une sorte de proximit\u00e9 avec l&#8217;autre***.<\/strong> En aucun cas le gore, le meurtre, l&#8217;an\u00e9antissement ne sont des voies. En France, les jeunes consomment de plus en plus de psychotropes**. La Vie est trop belle pour la regarder par le judas de la porte de l&#8217;enfer, ne trouvez-vous pas ? <strong>JMP<\/strong><\/p><p>* Cet attrait pour la c\u00e9l\u00e9bration du mortif\u00e8re ne semble m\u00eame pas questionner la majorit\u00e9 des joyeux drilles qui s&#8217;y adonnent. &#8220;Allo win&#8221; : &#8220;Faites du business&#8221; oui ! Pauvre soci\u00e9t\u00e9 de &#8220;con-sommation&#8221; ! Et si nous mettions notre \u00e9nergie dans la c\u00e9l\u00e9bration de la vie, pour la Vie ? Elle rec\u00e8le bien plus de magie et d&#8217;extraordinaire que toutes ces Hallowinades, pour qui \u00e9coute et observe un peu.<\/p><p>** En 2023 : 936 000 jeunes dont une majorit\u00e9 de filles. (<a href=\"https:\/\/www.laprovence.com\/article\/france-monde\/1903461925635715\/sante-mentale-la-consommation-de-psychotropes-explose-chez-les-jeunes\" target=\"_blank\" title=\"Psychotropes jeunes\" rel=\"noopener\">La Provence 2024<\/a>)<\/p><p>***PS : <strong><em>\u201cNous devons travailler \u00e0 recr\u00e9er librement cet esprit de sympathie et d\u2019entraide que la force des choses imposait \u00e0 nos a\u00efeux, de telle sorte que le progr\u00e8s des techniques, du bien-\u00eatre et de la s\u00e9curit\u00e9 n\u2019ait pas pour ran\u00e7on l\u2019affaiblissement de ces \u00e9changes humains sans lesquels la vie perd sa ferveur et sa pl\u00e9nitude. Faute de quoi nous irons en droite ligne vers le r\u00e8gne du mat\u00e9rialisme, de la solitude, de l\u2019insatisfaction et de l\u2019ennui.\u201d<\/em><\/strong> Gustave THIBON (L\u2019EQUILIBRE ET L\u2019HARMONIE)<del datetime=\"2024-10-20T14:03:39+00:00\"><\/del><\/p>\t\t\t\t\t<\/div>\n\t\t\t\t\t\t<\/div>\n\t\t\t\t<\/div>\n\t\t\t\t\t\t<\/div>\n\t\t\t\t\t<\/div>\n\t\t<\/div>\n\t\t\t\t\t\t\t\t<\/div>\n\t\t\t\t\t<\/div>\n\t\t<\/section>\n\t\t\t\t\t\t<\/div>\n\t\t\t\t\t\t<\/div>\n\t\t\t\t\t<\/div>\n\t\t","protected":false},"featured_media":5640,"template":"","themes":[39,38,37],"class_list":["post-5639","blog","type-blog","status-publish","has-post-thumbnail","hentry","themes-changement","themes-confiance","themes-test2"],"acf":[],"aioseo_notices":[],"_links":{"self":[{"href":"https:\/\/jmponcet.fr\/nov-apijson\/wp\/v2\/blog\/5639","targetHints":{"allow":["GET"]}}],"collection":[{"href":"https:\/\/jmponcet.fr\/nov-apijson\/wp\/v2\/blog"}],"about":[{"href":"https:\/\/jmponcet.fr\/nov-apijson\/wp\/v2\/types\/blog"}],"version-history":[{"count":12,"href":"https:\/\/jmponcet.fr\/nov-apijson\/wp\/v2\/blog\/5639\/revisions"}],"predecessor-version":[{"id":5794,"href":"https:\/\/jmponcet.fr\/nov-apijson\/wp\/v2\/blog\/5639\/revisions\/5794"}],"wp:featuredmedia":[{"embeddable":true,"href":"https:\/\/jmponcet.fr\/nov-apijson\/wp\/v2\/media\/5640"}],"wp:attachment":[{"href":"https:\/\/jmponcet.fr\/nov-apijson\/wp\/v2\/media?parent=5639"}],"wp:term":[{"taxonomy":"themes","embeddable":true,"href":"https:\/\/jmponcet.fr\/nov-apijson\/wp\/v2\/themes?post=5639"}],"curies":[{"name":"wp","href":"https:\/\/api.w.org\/{rel}","templated":true}]}}