{"id":5496,"date":"2024-07-14T16:43:01","date_gmt":"2024-07-14T14:43:01","guid":{"rendered":"https:\/\/jmponcet.fr\/?post_type=blog&#038;p=5496"},"modified":"2024-07-15T16:32:25","modified_gmt":"2024-07-15T14:32:25","slug":"passe-proche","status":"publish","type":"blog","link":"https:\/\/jmponcet.fr\/blog\/passe-proche\/","title":{"rendered":"Pass\u00e9 proche"},"content":{"rendered":"\t\t<div data-elementor-type=\"wp-post\" data-elementor-id=\"5496\" class=\"elementor elementor-5496\" data-elementor-settings=\"[]\">\n\t\t\t\t\t\t<div class=\"elementor-inner\">\n\t\t\t\t\t\t\t<div class=\"elementor-section-wrap\">\n\t\t\t\t\t\t\t<section class=\"elementor-section elementor-top-section elementor-element elementor-element-566ed7b2 elementor-section-boxed elementor-section-height-default elementor-section-height-default\" data-id=\"566ed7b2\" data-element_type=\"section\">\n\t\t\t\t\t\t<div class=\"elementor-container elementor-column-gap-default\">\n\t\t\t\t\t\t\t<div class=\"elementor-row\">\n\t\t\t\t\t<div class=\"elementor-column elementor-col-100 elementor-top-column elementor-element elementor-element-2f8fbf48\" data-id=\"2f8fbf48\" data-element_type=\"column\">\n\t\t\t<div class=\"elementor-column-wrap elementor-element-populated\">\n\t\t\t\t\t\t\t<div class=\"elementor-widget-wrap\">\n\t\t\t\t\t\t<div class=\"elementor-element elementor-element-36547bc1 elementor-widget elementor-widget-text-editor\" data-id=\"36547bc1\" data-element_type=\"widget\" data-widget_type=\"text-editor.default\">\n\t\t\t\t<div class=\"elementor-widget-container\">\n\t\t\t\t\t\t\t\t<div class=\"elementor-text-editor elementor-clearfix\">\n\t\t\t\t<p><strong>Chronique Terrienne n\u00b0 261<\/strong> Apr\u00e8s notre &#8220;Pass\u00e9 compos\u00e9&#8221; (voir CT n\u00b0258) cette chronique traitera du &#8220;Pass\u00e9 proche&#8221;, c\u00e0d de <strong>la petite histoire \u00e0 trente, cinquante ou cent ans d&#8217;aujourd&#8217;hui. En effet qui peut vraiment parler avec d\u00e9tail de la vie de son arri\u00e8re-grand-p\u00e8re par exemple ? Entre notre pr\u00e9sent et la grande histoire, souvent l&#8217;amn\u00e9sie nous guette.<\/strong> Je vous conterai donc ici, deux histoires diff\u00e9rentes de ma petite histoire r\u00e9cente. Des faits et \u00e9v\u00e8nements que j&#8217;ai red\u00e9couvert ces derniers temps \u00e0 l&#8217;occasion de lectures. Remontons \u00e0 1977, c&#8217;\u00e9tait au si\u00e8cle dernier et j&#8217;avais 15 ans !<\/p><p>Lorsque dans une librairie de Chamb\u00e9ry o\u00f9 j&#8217;aime fl\u00e2ner, je tombe sur la collection &#8220;Historiettes de Savoie&#8221;, mon regard est accroch\u00e9 par le nom &#8220;Pilotaz&#8221;, qui me disait quelque chose de ma jeunesse. En effet, je me souvenais avoir accompagn\u00e9 mon p\u00e8re* chez un petit tailleur de la ville, un ancien Pilo ! Pendant la d\u00e9cennie des ann\u00e9es 80, &#8220;Lord Sabrett&#8221; a fait le bonheur des costaux qui ne trouvaient pas leur bonheur dans le pr\u00eat-\u00e0-porter. Papa en \u00e9tait et louait le professionnalisme d&#8217;Ettore et son \u00e9tonnant rapport qualit\u00e9\/prix. <strong>Cet ouvrage** me fit d\u00e9couvrir la saga de cette soci\u00e9t\u00e9 de confection textile du nom de Ren\u00e9 Pilotaz (de 1937 \u00e0 1980), mais surtout qu&#8217;au c\u0153ur du centre de Chamb\u00e9ry, alors que j&#8217;y entrais au lyc\u00e9e en 1977, plus de 800 &#8220;petites mains&#8221; (d&#8217;origine italiennes surtout) \u0153uvraient \u00e0 la r\u00e9alisation de v\u00eatements !<\/strong><\/p><p>La narration de l&#8217;int\u00e9gration de g\u00e9n\u00e9rations d&#8217;italiens qui fuyaient la pauvret\u00e9 ou le fascisme est passionnante. Certains patronymes me sont connus. Une belle le\u00e7on de courage et d&#8217;abn\u00e9gation. Agr\u00e9ment\u00e9 de t\u00e9moignages, je vous conseille la lecture de cet ouvrage qui comporte quelques photos d&#8217;\u00e9poque.<\/p><p><strong>Dans la s\u00e9rie, &#8220;c&#8217;\u00e9tait mieux avant&#8221;, je vous propose maintenant avec ironie les &#8220;ann\u00e9es de plomb&#8221; c\u00f4t\u00e9 Grenoble<\/strong>. Traumatis\u00e9 par le meurtre du proviseur du Lyc\u00e9e Jean Bart (rebaptis\u00e9 depuis de son nom : Andr\u00e9 Argouges), o\u00f9 j&#8217;aurais pu \u00eatre scolaris\u00e9, vous souvenez-vous que quelques ann\u00e9es plus t\u00f4t la nouvelle Bourse du Travail (la plus belle de France \u00e0 La Villeneuve) a saut\u00e9 ? Un grand b\u00e2timent tout neuf, r\u00e9duit en ruine par deux bombes qui explosent la nuit du 22 avril 1977. Miracle : pas de victime alors qu&#8217;une bombe avait d\u00e9j\u00e0 explos\u00e9 deux semaines plus t\u00f4t sur le campus (apparemment le d\u00e9c\u00e9d\u00e9 \u00e9tait le terroriste). Revendiqu\u00e9 par &#8220;le front d&#8217;action fasciste&#8221;, sans le moindre indice, l&#8217;enqu\u00eate s&#8217;enlisa. <em>&#8220;L&#8217;attentat tombe dans l&#8217;oubli, chass\u00e9 par les autres, partout&#8221;<\/em> dixit l&#8217;article*** que j&#8217;ai lu sur ce sujet.<\/p><p><strong>Ainsi les choses se succ\u00e8dent-elles dans nos soci\u00e9t\u00e9s et dans nos vies, o\u00f9 l&#8217;amn\u00e9sie peut souvent nous aveugler.<\/strong> L&#8217;acc\u00e9l\u00e9ration de ces 30 derni\u00e8res ann\u00e9es accentuant le ph\u00e9nom\u00e8ne, n&#8217;omettons pas d&#8217;avoir r\u00e9guli\u00e8rement un \u0153il dans le r\u00e9tro. Il nous permet de mieux comprendre la vie, nos vies, tout simplement. <strong>JMP<\/strong><\/p><p><em>* N\u00e9 un 14 juillet comme aujourd&#8217;hui \ud83d\ude09<\/em><\/p><p><em>** &#8220;<strong>L&#8217;Atelier PILOTAZ<\/strong>&#8221; de Fran\u00e7ois Forray (Editeur : La Fontaine de Silo\u00e9 &#8211; 2021 &#8211; 150 p.)<\/em><\/p><p><em>*** &#8220;Le Dauphin\u00e9 Lib\u00e9r\u00e9&#8221; du 28 avril 2024 : &#8220;Qui a fait sauter la bourse du travail ?&#8221;<\/em><\/p>\t\t\t\t\t<\/div>\n\t\t\t\t\t\t<\/div>\n\t\t\t\t<\/div>\n\t\t\t\t\t\t<\/div>\n\t\t\t\t\t<\/div>\n\t\t<\/div>\n\t\t\t\t\t\t\t\t<\/div>\n\t\t\t\t\t<\/div>\n\t\t<\/section>\n\t\t\t\t\t\t<\/div>\n\t\t\t\t\t\t<\/div>\n\t\t\t\t\t<\/div>\n\t\t","protected":false},"featured_media":5497,"template":"","themes":[39,37,36],"class_list":["post-5496","blog","type-blog","status-publish","has-post-thumbnail","hentry","themes-changement","themes-test2","themes-test1"],"acf":[],"aioseo_notices":[],"_links":{"self":[{"href":"https:\/\/jmponcet.fr\/nov-apijson\/wp\/v2\/blog\/5496","targetHints":{"allow":["GET"]}}],"collection":[{"href":"https:\/\/jmponcet.fr\/nov-apijson\/wp\/v2\/blog"}],"about":[{"href":"https:\/\/jmponcet.fr\/nov-apijson\/wp\/v2\/types\/blog"}],"version-history":[{"count":6,"href":"https:\/\/jmponcet.fr\/nov-apijson\/wp\/v2\/blog\/5496\/revisions"}],"predecessor-version":[{"id":5504,"href":"https:\/\/jmponcet.fr\/nov-apijson\/wp\/v2\/blog\/5496\/revisions\/5504"}],"wp:featuredmedia":[{"embeddable":true,"href":"https:\/\/jmponcet.fr\/nov-apijson\/wp\/v2\/media\/5497"}],"wp:attachment":[{"href":"https:\/\/jmponcet.fr\/nov-apijson\/wp\/v2\/media?parent=5496"}],"wp:term":[{"taxonomy":"themes","embeddable":true,"href":"https:\/\/jmponcet.fr\/nov-apijson\/wp\/v2\/themes?post=5496"}],"curies":[{"name":"wp","href":"https:\/\/api.w.org\/{rel}","templated":true}]}}