{"id":5482,"date":"2024-06-24T19:40:57","date_gmt":"2024-06-24T17:40:57","guid":{"rendered":"https:\/\/jmponcet.fr\/?post_type=blog&#038;p=5482"},"modified":"2025-01-01T19:15:53","modified_gmt":"2025-01-01T18:15:53","slug":"a-propo_emes","status":"publish","type":"blog","link":"https:\/\/jmponcet.fr\/blog\/a-propo_emes\/","title":{"rendered":"A propos(\u00e8mes)"},"content":{"rendered":"\t\t<div data-elementor-type=\"wp-post\" data-elementor-id=\"5482\" class=\"elementor elementor-5482\" data-elementor-settings=\"[]\">\n\t\t\t\t\t\t<div class=\"elementor-inner\">\n\t\t\t\t\t\t\t<div class=\"elementor-section-wrap\">\n\t\t\t\t\t\t\t<section class=\"elementor-section elementor-top-section elementor-element elementor-element-5e58d46b elementor-section-boxed elementor-section-height-default elementor-section-height-default\" data-id=\"5e58d46b\" data-element_type=\"section\">\n\t\t\t\t\t\t<div class=\"elementor-container elementor-column-gap-default\">\n\t\t\t\t\t\t\t<div class=\"elementor-row\">\n\t\t\t\t\t<div class=\"elementor-column elementor-col-100 elementor-top-column elementor-element elementor-element-7e49c6d7\" data-id=\"7e49c6d7\" data-element_type=\"column\">\n\t\t\t<div class=\"elementor-column-wrap elementor-element-populated\">\n\t\t\t\t\t\t\t<div class=\"elementor-widget-wrap\">\n\t\t\t\t\t\t<div class=\"elementor-element elementor-element-6fb6d6f2 elementor-widget elementor-widget-text-editor\" data-id=\"6fb6d6f2\" data-element_type=\"widget\" data-widget_type=\"text-editor.default\">\n\t\t\t\t<div class=\"elementor-widget-container\">\n\t\t\t\t\t\t\t\t<div class=\"elementor-text-editor elementor-clearfix\">\n\t\t\t\t<p>[Po\u00e8mes \u00e0 la <del>flamme<\/del> flemme]<\/p><p><strong>Chronique Terrienne n\u00b0 260<\/strong> Attention chute de mots. Edgar* adorait Rimbaud. Jeune, il \u00e9crivait des po\u00e8mes, il \u00e9dita <em>&#8220;Po\u00e8mes du m\u00e9tropolitain&#8221;<\/em> qu&#8217;il donna \u00e0 lire \u00e0 Jacques Pr\u00e9vert. Celui-ci n&#8217;appr\u00e9ciera pas le c\u00f4t\u00e9 mystique et ce sera une v\u00e9ritable castration qui inhibera le jeune Albert Mercier, futur Edgar Morin. Heureusement son sentiment po\u00e9tique de la vie ne fut pas alt\u00e9r\u00e9. <em>&#8220;La po\u00e9sie n&#8217;est pas seulement \u00e9crite mais doit \u00eatre fondamentalement v\u00e9cue&#8221;<\/em> ajoute-t&#8217;il.<\/p><p>La po\u00e9sie avec ses m\u00e9taphores et ses allusions, mais avec beaucoup de second degr\u00e9 et d&#8217;humour est devenue pour moi une passion. La po\u00e9sie, avec son rythme et son son, 9 pieds ou alexandrins, ses rimes et son style me semble parfois faire de la chanson. <em>&#8220;Il y a de la po\u00e9sie dans la musique et dans toutes les pratiques artistiques qui mobilisent l&#8217;imaginaire&#8221;<\/em> d\u00e9veloppe Edgar. Conservons cette capacit\u00e9 d&#8217;\u00e9merveillement pour vivre po\u00e9tiquement, nous dit-il en fait.<\/p><p><strong>La po\u00e9sie peut nous aider \u00e0 vivre dans ces ann\u00e9es sombres. Parce que l&#8217;humanit\u00e9 aurait besoin d&#8217;une bonne terre happy : <em>&#8220;Ce qu&#8217;il ne faut pas dire, il ne faut surtout pas le taire mais l&#8217;\u00e9crire&#8221;<\/em> disait Jacques Derrida.<\/strong><\/p><p>Si l&#8217;\u00e9criture, c&#8217;est le c\u0153ur qui \u00e9clate en silence, laissez revivre votre enfant int\u00e9rieur. Il est plein de belles \u00e9motions, en premier lieu la joie.\u00a0Au fait, je viens d&#8217;envoyer en impression mon premier recueil personnel : &#8220;62 po\u00e8mes \u00e0 la <del>flamme<\/del> flemme.&#8221; Il para\u00eetra pour mes 62 ans, le <del>62<\/del> 26 septembre : chaque exemplaire offert portera du n\u00b01 au n\u00b062.<\/p><p>Laissez-moi donc lire du Guillaume Apollinaire mais aussi du Charles Baudelaire, du Fran\u00e7ois Garagnon** et du Nawel Ben Kra\u00efem dans &#8220;Le corps don&#8221;***. Et de vous proposer (encore) trois &#8220;po\u00e8mes \u00e0 la <del>flamme<\/del> flemme&#8221; in\u00e9dits ci-dessous. Bisous. <strong>JMP<\/strong><\/p><p>*<em>&#8220;Nous sommes dans une civilisation qui a ni\u00e9 la qualit\u00e9 po\u00e9tique de la vie&#8221;<\/em> \u00e9crit Edgar Morin.<br \/>Il nous invite \u00e0 &#8220;reconqu\u00e9rir des terres, des oasis de po\u00e9sie&#8221;&#8230; in &#8220;Des oasis de po\u00e9sie&#8221; Edgar Morin (POESIS 2023)<\/p><p>**Fran\u00e7ois Garagnon dont les textes sont de toute beaut\u00e9, lui et ses &#8220;r\u00e9-enchanteurs associ\u00e9s&#8221; : <a href=\"https:\/\/www.montecristo-editions.com\/\" target=\"_blank\" title=\"Fran\u00e7ois Garagnon\" rel=\"noopener\">www.montecristo-editions.com<\/a><\/p><p>***Nawel Ben Kra\u00efem &#8220;Le corps don&#8221; (Editions Bruno Doucey 2024, qui vient de para\u00eetre en avril).<br \/><em>Les r\u00e9gions du Nord sont si vertes et fertiles,<\/em><br \/><em>C&#8217;est peut-\u00eatre parce qu&#8217;il y pleut beaucoup,<\/em><br \/><em>Ma cr\u00e9ativit\u00e9 est si vive et si f\u00e9brile,<\/em><br \/><em>C&#8217;est peut-\u00eatre parce que je pleure beaucoup.<\/em><\/p><p>&#8220;Alcools&#8221; de Guillaume Apollinaire<br \/>&#8220;Les fleurs du mal&#8221; de Charles Beaudelaire<\/p><p><em>A la Saint-Jean, je vous offre trois po\u00e8mes qui sentent bon <del>ma jeunesse.<\/del>\u00a0Sign\u00e9 Jean(Mi)<\/em><\/p><p><strong>&#8220;Quand&#8230;&#8221;<\/strong><br \/>Il y avait Pr\u00e9vert, il y avait Rimbaud, mais mon univers \u00e9tait le plus beau.<br \/>Il fallait l&#8217;hiver, tomber le rideau, mais j&#8217;ai red\u00e9couvert le plus beau des cadeaux.<br \/>Quand venait l&#8217;\u00e9t\u00e9, le bruit du ruisseau, la t\u00eate \u00e0 l&#8217;envers, remettre son chapeau.<br \/>Quand fanaient les bl\u00e9s, reprendre le flambeau, pr\u00e9f\u00e9rer la cueillette des haricots.<br \/>C&#8217;\u00e9tait bien l&#8217;enfance, tout pr\u00e8s du coteau, vaquer dans ce jardin et ses asticots.<br \/>C&#8217;\u00e9tait l&#8217;innocence, sous le vieux ch\u00e2teau, c&#8217;\u00e9tait aussi les lapins, mais sans photo.<\/p><p><strong>&#8220;Bien parti&#8221;<\/strong><br \/>Je suis n\u00e9 un mardi,<br \/>Mes trois enfants aussi,<br \/>Je ne suis pas n\u00e9 par c\u00e9sarienne,<br \/>Pourtant j&#8217;\u00e9tais d\u00e9j\u00e0 bien \u00e0 la peine,<br \/>La flemme, une dr\u00f4le de maladie,<br \/>A 16 ans, j&#8217;\u00e9tais oui bien gu\u00e9ri,<br \/>Travailler dur pour gagner ma vie,<br \/>Et me payer ma Malaguti.<\/p><p><em>PS : finalement je me suis pay\u00e9 ma <del>Malaguti<\/del> Ducati (\u00e0 50 ans mais une Honda d\u00e8s 21 !)<\/em><\/p><p><strong>&#8220;Un petit village&#8221;<\/strong><br \/>Un beau matin de juin,<br \/>Me voila \u00e0 Blandin.<br \/>Garer la moto sur la place de la Mairie,<br \/>Prendre une photo de l&#8217;\u00e9glise et de la patrie,<br \/>Car un pr\u00eatre est tomb\u00e9 en ao\u00fbt quatorze aussi.<br \/>Sur la pierre tombale mon nom est \u00e9crit,<br \/>Je viens sur la trace de mes a\u00efeux,<br \/>Jean-Baptiste et Joseph eux sont aux cieux.<br \/>Blandin, petite commune de rien,<br \/>Qui fut au d\u00e9but d&#8217;un nouveau chemin.<\/p><p><span>\u00a9<\/span>JMP LCM Le Coach Motard\u00ae (2024)<\/p><p><strong>Des \u201cPo\u00e8mes \u00e0 la flemme\u201c sur le Blog de JMP (41 publi\u00e9s \u00e0 ce jour ) :<\/strong><\/p><p><em>ici :\u00a0<a href=\"https:\/\/jmponcet.fr\/blog\/le-regard-du-coach-motard\/\">https:\/\/jmponcet.fr\/blog\/le-regard-du-coach-motard\/<\/a><\/em><br \/><em>et l\u00e0 :\u00a0<a href=\"https:\/\/jmponcet.fr\/blog\/les-bobards-du-coach-motard\/\">https:\/\/jmponcet.fr\/blog\/les-bobards-du-coach-motard\/<\/a><\/em><br \/><em>et encore l\u00e0 :\u00a0<a href=\"https:\/\/jmponcet.fr\/blog\/le-rencard-du-coach-motard\/\">https:\/\/jmponcet.fr\/blog\/le-rencard-du-coach-motard\/<\/a><\/em><br \/><em>et encore encore l\u00e0 :\u00a0<a href=\"https:\/\/jmponcet.fr\/blog\/motard-mon-gaillard\/\">https:\/\/jmponcet.fr\/blog\/motard-mon-gaillard\/<\/a><\/em>\u00a0\u00a0\u00a0\u00a0\u00a0\u00a0\u00a0\u00a0\u00a0\u00a0\u00a0\u00a0\u00a0\u00a0\u00a0\u00a0\u00a0\u00a0\u00a0\u00a0\u00a0\u00a0\u00a0\u00a0\u00a0\u00a0\u00a0\u00a0\u00a0\u00a0\u00a0\u00a0\u00a0\u00a0\u00a0\u00a0\u00a0\u00a0\u00a0\u00a0 \u00a0\u00a0 \u00a0\u00a0 \u00a0\u00a0 \u00a0\u00a0 \u00a0\u00a0 \u00a0\u00a0 \u00a0\u00a0 \u00a0\u00a0 \u00a0\u00a0 \u00a0\u00a0 \u00a0\u00a0 \u00a0\u00a0 \u00a0\u00a0 \u00a0\u00a0 \u00a0\u00a0 \u00a0\u00a0<span>\u00a0<\/span><em>et puis aussi ici :\u00a0<\/em><a href=\"https:\/\/jmponcet.fr\/jmponcet.fr\/blog\/poete-avatar\/\" target=\"_blank\" rel=\"noopener\">https:\/\/jmponcet.fr\/blog\/poete-avatar\/<\/a><\/p>\t\t\t\t\t<\/div>\n\t\t\t\t\t\t<\/div>\n\t\t\t\t<\/div>\n\t\t\t\t\t\t<\/div>\n\t\t\t\t\t<\/div>\n\t\t<\/div>\n\t\t\t\t\t\t\t\t<\/div>\n\t\t\t\t\t<\/div>\n\t\t<\/section>\n\t\t\t\t\t\t<\/div>\n\t\t\t\t\t\t<\/div>\n\t\t\t\t\t<\/div>\n\t\t","protected":false},"featured_media":5486,"template":"","themes":[38,37,36],"class_list":["post-5482","blog","type-blog","status-publish","has-post-thumbnail","hentry","themes-confiance","themes-test2","themes-test1"],"acf":[],"aioseo_notices":[],"_links":{"self":[{"href":"https:\/\/jmponcet.fr\/nov-apijson\/wp\/v2\/blog\/5482","targetHints":{"allow":["GET"]}}],"collection":[{"href":"https:\/\/jmponcet.fr\/nov-apijson\/wp\/v2\/blog"}],"about":[{"href":"https:\/\/jmponcet.fr\/nov-apijson\/wp\/v2\/types\/blog"}],"version-history":[{"count":9,"href":"https:\/\/jmponcet.fr\/nov-apijson\/wp\/v2\/blog\/5482\/revisions"}],"predecessor-version":[{"id":5740,"href":"https:\/\/jmponcet.fr\/nov-apijson\/wp\/v2\/blog\/5482\/revisions\/5740"}],"wp:featuredmedia":[{"embeddable":true,"href":"https:\/\/jmponcet.fr\/nov-apijson\/wp\/v2\/media\/5486"}],"wp:attachment":[{"href":"https:\/\/jmponcet.fr\/nov-apijson\/wp\/v2\/media?parent=5482"}],"wp:term":[{"taxonomy":"themes","embeddable":true,"href":"https:\/\/jmponcet.fr\/nov-apijson\/wp\/v2\/themes?post=5482"}],"curies":[{"name":"wp","href":"https:\/\/api.w.org\/{rel}","templated":true}]}}