{"id":5413,"date":"2024-04-15T20:20:10","date_gmt":"2024-04-15T18:20:10","guid":{"rendered":"https:\/\/jmponcet.fr\/?post_type=blog&#038;p=5413"},"modified":"2024-05-09T19:15:27","modified_gmt":"2024-05-09T17:15:27","slug":"peinards-en-relais-motards","status":"publish","type":"blog","link":"https:\/\/jmponcet.fr\/blog\/peinards-en-relais-motards\/","title":{"rendered":"Peinards en Relais Motards"},"content":{"rendered":"\t\t<div data-elementor-type=\"wp-post\" data-elementor-id=\"5413\" class=\"elementor elementor-5413\" data-elementor-settings=\"[]\">\n\t\t\t\t\t\t<div class=\"elementor-inner\">\n\t\t\t\t\t\t\t<div class=\"elementor-section-wrap\">\n\t\t\t\t\t\t\t<section class=\"elementor-section elementor-top-section elementor-element elementor-element-354c8db elementor-section-boxed elementor-section-height-default elementor-section-height-default\" data-id=\"354c8db\" data-element_type=\"section\">\n\t\t\t\t\t\t<div class=\"elementor-container elementor-column-gap-default\">\n\t\t\t\t\t\t\t<div class=\"elementor-row\">\n\t\t\t\t\t<div class=\"elementor-column elementor-col-100 elementor-top-column elementor-element elementor-element-1218b3d3\" data-id=\"1218b3d3\" data-element_type=\"column\">\n\t\t\t<div class=\"elementor-column-wrap elementor-element-populated\">\n\t\t\t\t\t\t\t<div class=\"elementor-widget-wrap\">\n\t\t\t\t\t\t<div class=\"elementor-element elementor-element-5a1c7aa7 elementor-widget elementor-widget-text-editor\" data-id=\"5a1c7aa7\" data-element_type=\"widget\" data-widget_type=\"text-editor.default\">\n\t\t\t\t<div class=\"elementor-widget-container\">\n\t\t\t\t\t\t\t\t<div class=\"elementor-text-editor elementor-clearfix\">\n\t\t\t\t<p>[Po\u00e8mes \u00e0 la <del>flamme<\/del> flemme]<\/p><p><strong>Chronique Terrienne n\u00b0 256<\/strong> Etre peinard : &#8220;Qui est tranquille et sans souci, qui se m\u00e9nage, cherche \u00e0 \u00e9viter les ennuis, les fatigues et les risques.&#8221; Et le risque lorsque la nuit\u00e9e est venue, il est pour notre moto. Les Relais Motards ont tous un point commun appr\u00e9ci\u00e9 : un endroit s\u00e9curis\u00e9 pour nos montures. Mais il y a bien plus dans un Relais Motard, une attention particuli\u00e8re au &#8220;vagabond&#8221; et aussi souvent des discussions jusqu&#8217;\u00e0 tr\u00e8s tard. Mes souvenirs sont nombreux, dans toutes nos belles r\u00e9gions de France, d&#8217;endroits d\u00e9licieux o\u00f9 l&#8217;accueil est chaleureux.<\/p><p>Moto-goulot-dodo (piloter, boire et dormir) o\u00f9 la (belle) vie en Relais Motards.<strong>\u00a0JMP<\/strong><\/p><p><a href=\"https:\/\/www.relais-motards.com\/fr\/\" target=\"_blank\" title=\"Le site des Relais Motards\" rel=\"noopener\">https:\/\/www.relais-motards.com\/fr\/<\/a><\/p><p><em>&#8220;Si ces beaux pots aiment leurs fleurs, y&#8217;a de quoi soulager les c\u0153urs&#8221; \ud83d\ude09<\/em><\/p><p><strong>&#8220;Le printemps&#8221;<\/strong><\/p><p>Les motards qui fleurissent au printemps,<br \/>Ont plaisir aux moustiques plein les dents,<br \/>Telles hirondelles font le beau temps.<br \/>Pots d&#8217;\u00e9chappement ils ont en horreur,<br \/>Mais l&#8217;humus, l&#8217;herbe coup\u00e9e, les odeurs,<br \/>D\u00e8s avril les prennent en pleine fleur.<br \/>Malgr\u00e9 les ann\u00e9es se remettre en selle,<br \/>Potes en moto avec Jean-Michel,<br \/>Des bougies faire surgir l&#8217;\u00e9tincelle.<br \/>Chaque ann\u00e9e apr\u00e8s l&#8217;hibernation,<br \/>Quand reprend oui bien fort la passion,<br \/>La balade augure belle saison.<\/p><p><strong>&#8220;Garder la flamme&#8221;<\/strong><\/p><p>V\u00e9n\u00e9rer les cendres ou bien vivifier les braises ?<br \/>Vivre la tradition, transmettre la passion ?<br \/>L&#8217;armure fendre ou rester tout le temps bien emmur\u00e9 ?<br \/>Faire face aux obstacles ou bien filer \u00e0 l&#8217;anglaise ?<\/p><p>Voir dans la vie sa beaut\u00e9, ou le bonheur saboter ?<br \/>Rester dans le d\u00e9ni ou reconna\u00eetre l&#8217;in\u00e9dit ?<br \/>Conventionnel ou rendre l&#8217;ambiance plus belle ?<br \/>Allumer le feu ou ne jamais faire ses aveux ?<\/p><p>Aiguiser la lame et ne jamais souffler sur la flamme.<\/p><p>R\u00e9sider au rez-de-chauss\u00e9e ou prendre l&#8217;escalier ?<br \/>Rester dans son auto ou partir au loin \u00e0 moto ?<\/p><p><strong>&#8220;Le pr\u00e9&#8221;<\/strong><\/p><p>Enfant, c&#8217;\u00e9tait mon immensit\u00e9,<br \/>La ferme de mes grands-parents.<br \/>L&#8217; herbe, le foin\u2026 mon unicit\u00e9,<br \/>Sur ces deux hectares d&#8217;antan.<\/p><p>De grands arbres et des bambous,<br \/>Des cribs* et des pissenlits,<br \/>Un chemin central qui secoue,<br \/>C&#8217;est ma jeunesse au ralenti.<\/p><p>Puis j&#8217;ai invit\u00e9 mon aim\u00e9e,<br \/>Maison on a alors construit,<br \/>Pour nos trois enfants \u00e9lev\u00e9s,<br \/>Bien plus qu&#8217;un berceau, notre nid.<\/p><p><em>* Cages grillag\u00e9es de forme parall\u00e9l\u00e9pip\u00e9dique destin\u00e9es au stockage et au s\u00e9chage \u00e0 l&#8217;air libre des \u00e9pis de ma\u00efs.<\/em><\/p><p><strong>&#8220;Elle&#8221;<\/strong><\/p><p>A Lille sur la Gran &#8216;place,<br \/>J&#8217;avais son profil de face*,<br \/>Et hop la Demoiselle,<br \/>Moi qui venais de Marseille,<br \/>Un regard, coup de foudre,<br \/>En faisant parler la poudre.<\/p><p>Mon c\u0153ur, lui, est aux cieux,<br \/>Derri\u00e8re ses boucles blondes,<br \/>De tr\u00e8s grands beaux yeux bleus,<br \/>Je suis sonn\u00e9 par le gong.<\/p><p>La femme de ma vie,<br \/>La m\u00e8re de mes enfants,<br \/>Celle que j&#8217;ai choisie,<br \/>Notre chemin en dansant.<\/p><p><em>* r\u00e9f. \u00e0 &#8220;Presque&#8221; d&#8217;Alain Souchon (Album &#8220;\u00c2mes fifties&#8221; 2019)<\/em><\/p><p><strong>&#8220;Jean-Baptiste&#8221;<\/strong><\/p><p>Il n&#8217;est pas le Saint-Patron de notre clocher,<br \/>Lui qui \u00e9tait bien, de La Crosse, le fermier,<br \/>Ferme agricole, grande propri\u00e9t\u00e9,<br \/>Qu&#8217;il tenta ensuite, en vain de racheter.<\/p><p>De Blandin, arriv\u00e9 avec fr\u00e8res et s\u0153urs,<br \/>Firent contre mauvaise fortune, bon c\u0153ur,<br \/>Au service du Domaine de Bellegarde,<br \/>Pour la famille du Marquis de Beauregard.<\/p><p>Son p\u00e8re comme lui portait haut ce pr\u00e9nom,<br \/>Avec sa Marie, Jean-Baptiste le second,<br \/>Emm\u00e9nag\u00e8rent ensemble \u00e0 La Buissi\u00e8re,<br \/>Lui qui \u00e9tait bien mon arri\u00e8re grand-p\u00e8re.<\/p><p><strong>&#8220;Paille, tact &amp; piques&#8221;<\/strong><\/p><p>Des lectures telles &#8220;Le talc et les tiques&#8221; du Docteur Picouse, bien connu en ces taons de pand\u00e9mie,<br \/>Mais surtout &#8220;La tactique de l&#8217;\u00e9thique&#8221;, un ouvrage des Professeurs Pat et Tick aux \u00e9ditions Delhi,<br \/>De plus, si tu te prends la paille dans l&#8217;\u0153il, tu peux aussi ensuite te prendre une poutre dans l&#8217;autre,<br \/>Bref, comme a dit P\u00e9pin, seul le citron est rond sans avoir bu une goutte de bourbon, Roi de gaulle !<\/p><p><span>\u00a9JMP LCM Le Coach Motard\u00ae (2021-2024)<\/span><\/p><p><strong>Des \u201cPo\u00e8mes \u00e0 la flemme\u201c sur le Blog de JMP (38 publi\u00e9s \u00e0 ce jour ) :<\/strong><\/p><p><em>ici :\u00a0<a href=\"https:\/\/jmponcet.fr\/blog\/le-regard-du-coach-motard\/\">https:\/\/jmponcet.fr\/blog\/le-regard-du-coach-motard\/<\/a><\/em><br \/><em>et l\u00e0 :\u00a0<a href=\"https:\/\/jmponcet.fr\/blog\/les-bobards-du-coach-motard\/\">https:\/\/jmponcet.fr\/blog\/les-bobards-du-coach-motard\/<\/a><\/em><br \/><em>et encore l\u00e0 :\u00a0<a href=\"https:\/\/jmponcet.fr\/blog\/le-rencard-du-coach-motard\/\">https:\/\/jmponcet.fr\/blog\/le-rencard-du-coach-motard\/<\/a><\/em><br \/><em>et encore encore l\u00e0 :\u00a0<a href=\"https:\/\/jmponcet.fr\/blog\/motard-mon-gaillard\/\">https:\/\/jmponcet.fr\/blog\/motard-mon-gaillard\/<\/a><\/em>\u00a0\u00a0\u00a0\u00a0\u00a0\u00a0\u00a0\u00a0\u00a0\u00a0\u00a0\u00a0\u00a0\u00a0\u00a0\u00a0\u00a0\u00a0\u00a0\u00a0\u00a0\u00a0\u00a0\u00a0\u00a0\u00a0\u00a0\u00a0\u00a0\u00a0\u00a0\u00a0\u00a0\u00a0\u00a0\u00a0\u00a0\u00a0\u00a0\u00a0 \u00a0\u00a0 \u00a0\u00a0 \u00a0\u00a0 \u00a0\u00a0 \u00a0\u00a0 \u00a0\u00a0 \u00a0\u00a0 \u00a0\u00a0 \u00a0\u00a0 \u00a0\u00a0 \u00a0\u00a0 \u00a0\u00a0 \u00a0\u00a0 \u00a0\u00a0 \u00a0\u00a0 \u00a0\u00a0 <em>et puis aussi ici :\u00a0<\/em><a href=\"https:\/jmponcet.fr\/blog\/poete-avatar\/\" target=\"_blank\" rel=\"noopener\">https:\/\/jmponcet.fr\/blog\/poete-avatar\/<\/a><\/p>\t\t\t\t\t<\/div>\n\t\t\t\t\t\t<\/div>\n\t\t\t\t<\/div>\n\t\t\t\t\t\t<\/div>\n\t\t\t\t\t<\/div>\n\t\t<\/div>\n\t\t\t\t\t\t\t\t<\/div>\n\t\t\t\t\t<\/div>\n\t\t<\/section>\n\t\t\t\t\t\t<\/div>\n\t\t\t\t\t\t<\/div>\n\t\t\t\t\t<\/div>\n\t\t","protected":false},"featured_media":5414,"template":"","themes":[38,37,36],"class_list":["post-5413","blog","type-blog","status-publish","has-post-thumbnail","hentry","themes-confiance","themes-test2","themes-test1"],"acf":[],"aioseo_notices":[],"_links":{"self":[{"href":"https:\/\/jmponcet.fr\/nov-apijson\/wp\/v2\/blog\/5413","targetHints":{"allow":["GET"]}}],"collection":[{"href":"https:\/\/jmponcet.fr\/nov-apijson\/wp\/v2\/blog"}],"about":[{"href":"https:\/\/jmponcet.fr\/nov-apijson\/wp\/v2\/types\/blog"}],"version-history":[{"count":6,"href":"https:\/\/jmponcet.fr\/nov-apijson\/wp\/v2\/blog\/5413\/revisions"}],"predecessor-version":[{"id":5464,"href":"https:\/\/jmponcet.fr\/nov-apijson\/wp\/v2\/blog\/5413\/revisions\/5464"}],"wp:featuredmedia":[{"embeddable":true,"href":"https:\/\/jmponcet.fr\/nov-apijson\/wp\/v2\/media\/5414"}],"wp:attachment":[{"href":"https:\/\/jmponcet.fr\/nov-apijson\/wp\/v2\/media?parent=5413"}],"wp:term":[{"taxonomy":"themes","embeddable":true,"href":"https:\/\/jmponcet.fr\/nov-apijson\/wp\/v2\/themes?post=5413"}],"curies":[{"name":"wp","href":"https:\/\/api.w.org\/{rel}","templated":true}]}}