{"id":5379,"date":"2024-03-15T17:07:13","date_gmt":"2024-03-15T16:07:13","guid":{"rendered":"https:\/\/jmponcet.fr\/?post_type=blog&#038;p=5379"},"modified":"2024-03-20T15:41:48","modified_gmt":"2024-03-20T14:41:48","slug":"vous-avez-dit-altruiste","status":"publish","type":"blog","link":"https:\/\/jmponcet.fr\/blog\/vous-avez-dit-altruiste\/","title":{"rendered":"Vous avez-dit altruiste ?"},"content":{"rendered":"\t\t<div data-elementor-type=\"wp-post\" data-elementor-id=\"5379\" class=\"elementor elementor-5379\" data-elementor-settings=\"[]\">\n\t\t\t\t\t\t<div class=\"elementor-inner\">\n\t\t\t\t\t\t\t<div class=\"elementor-section-wrap\">\n\t\t\t\t\t\t\t<section class=\"elementor-section elementor-top-section elementor-element elementor-element-237c0a16 elementor-section-boxed elementor-section-height-default elementor-section-height-default\" data-id=\"237c0a16\" data-element_type=\"section\">\n\t\t\t\t\t\t<div class=\"elementor-container elementor-column-gap-default\">\n\t\t\t\t\t\t\t<div class=\"elementor-row\">\n\t\t\t\t\t<div class=\"elementor-column elementor-col-100 elementor-top-column elementor-element elementor-element-1125bf43\" data-id=\"1125bf43\" data-element_type=\"column\">\n\t\t\t<div class=\"elementor-column-wrap elementor-element-populated\">\n\t\t\t\t\t\t\t<div class=\"elementor-widget-wrap\">\n\t\t\t\t\t\t<div class=\"elementor-element elementor-element-7372f26b elementor-widget elementor-widget-text-editor\" data-id=\"7372f26b\" data-element_type=\"widget\" data-widget_type=\"text-editor.default\">\n\t\t\t\t<div class=\"elementor-widget-container\">\n\t\t\t\t\t\t\t\t<div class=\"elementor-text-editor elementor-clearfix\">\n\t\t\t\t<p><strong>Chronique Terrienne n\u00b0 253\u00a0<\/strong> Je re\u00e7ois r\u00e9cemment une lettre de l&#8217;EFS (Etablissement Fran\u00e7ais du sang) m&#8217;expliquant, qu&#8217;apr\u00e8s 60 ans r\u00e9volus, je ne puis rester inscrit sur la liste nationale des donneurs de moelle osseuse. Dont acte. Moi qui ai donn\u00e9 p\u00e9riodiquement mes plaquettes (de sang), don qui n\u00e9cessite plus de deux heures en Centre de transfusion, je suis effar\u00e9 du taux ridicule de la population fran\u00e7aise qui donne son sang r\u00e9guli\u00e8rement : moins de 5%, alors que les besoins sont immenses ! Il y a l\u00e0 un malaise car ce type de don est simple et r\u00e9alis\u00e9 en 20&#8242; n&#8217;importe o\u00f9 (des camions itin\u00e9rants tournent depuis des lunes).<\/p><p><strong>Autant il s&#8217;agit bien avant tout de s&#8217;occuper chacun de soi (son bien-\u00eatre physique et mental et sa sant\u00e9) mais faire don de soi, quand on est en forme, rel\u00e8ve pour moi du simple devoir d&#8217;humain.<\/strong> Tout le monde revendique des droits, pour l&#8217;inverse on compte parfois vraiment les altruistes. Il ne s&#8217;agit pas de passer pour un g\u00e9n\u00e9reux donateur, mais simplement pour un Citoyen : le sens du mot &#8220;civique&#8221; a t&#8217;il en partie disparu de nos jours ?<\/p><p>Quand on voit des b\u00e9n\u00e9voles aider, prot\u00e9ger, sauver nos compatriotes tels nos pompiers volontaires : respect ! Ils s&#8217;engagent, se forment, sacrifient leurs week-end, n\u00e9gocient avec leur employeurs (ou imputent tout ce temps sur leur activit\u00e9 \u00e0 leur compte) : chapeau ! Le tissu associatif de notre pays est tenu \u00e0 bout de bras par des b\u00e9n\u00e9voles, chacun dans leur domaine, ils donnent de leur \u00e9nergie. Les \u00e9lus municipaux par exemple, sans r\u00e9mun\u00e9ration ni indemnit\u00e9 pour la plupart, contribuent au bon fonctionnement des conseils de nos communes, principalement nos villages.<\/p><p>Si certains \u00e9lus ruraux demandent leur &#8220;fonctionnarisation&#8221; le temps du mandat, et si la valorisation du b\u00e9n\u00e9volat passe selon certains d\u00e9put\u00e9s (socialistes) par la semaine de quatre jours (proposition de loi r\u00e9cente) ; pour le pr\u00e9sident de France b\u00e9n\u00e9volat <em>&#8220;l\u2019engagement b\u00e9n\u00e9vole est par d\u00e9finition libre et gratuit. Il ne doit pas faire l\u2019objet d\u2019une gratification, m\u00eame diff\u00e9r\u00e9e.&#8221;<\/em><\/p><p><strong>Dans ma vie, je me suis toujours engag\u00e9.* Se mettre au service des autres, quel plus noble d\u00e9fi ? Alors je veux dire aujourd&#8217;hui, comme Paul Eluard &#8220;qu&#8217;il n&#8217;y a pas d&#8217;enthousiasme sans sagesse, ni de sagesse sans g\u00e9n\u00e9rosit\u00e9.&#8221; L&#8217;altruisme, outre donner sens \u00e0 une vie, nous permet d&#8217;apprendre. Je vous prends le pari \u00e0 100 contre 1 ! Comment inversement grandir en se regardant le nombril ?<\/strong> Moi qui ai \u00e9t\u00e9 adepte du d\u00e9veloppement personnel (la connaissance de soi, un chemin qui ne se finit jamais), je veux d\u00e9noncer les comportements qui ne visent que son petit confort personnel. Se confronter \u00e0 la r\u00e9alit\u00e9 d&#8217;autrui fait progresser comme nulle autre chose dans la vie.<\/p><p>Dans l&#8217;individualisme grandissant de nos soci\u00e9t\u00e9s post-industrielles, alors que certains jeunes partent au loin avec nos ONG, certains (pas que des jeunes bien entendu) glandent et se comportent en vrais &#8220;parasites&#8221;, abusant de la solidarit\u00e9 nationale d&#8217;une mani\u00e8re ou d&#8217;une autre. Ne nous trompons pas, je parle ici de soutien familial dans les deux sens (enfants-parents et r\u00e9ciproquement), de s&#8217;\u00e9pauler dans son couple (\u00e9poux-\u00e9pouse et inversement), d&#8217;attention dans son quartier (voisins, personnes \u00e2g\u00e9es) etc., qui sont des solidarit\u00e9s \u00e0 travailler par chacun. Pas besoin de changer de continent, n&#8217;est pas M\u00e8re Teresa qui veut.<\/p><p>Que le l\u00e9gislateur par exemple ai vot\u00e9 que le don d&#8217;organes apr\u00e8s le d\u00e9c\u00e8s soit la norme va dans le sens de la fraternit\u00e9, valeur qui figure au fronton de notre R\u00e9publique. Environ 80% des Fran\u00e7ais y sont d&#8217;ailleurs favorables. L&#8217;Agence de la biom\u00e9decine s&#8217;est r\u00e9jouie en f\u00e9vrier dernier de la hausse des greffes en 2023 : 1791 donneurs soit +5,7% vs 2022. Mais l&#8217;opposition au don (possible d\u00e8s l&#8217;\u00e2ge de 13 ans) s&#8217;intensifie \u00e9galement : 520 000 de nos compatriotes le refusent. Le taux d&#8217;opposition est en train de grimper : de 30% (2017\/2019) \u00e0 33% (2020\/2022) et \u00e0 36,1% en 2023.<\/p><p>D\u00e9clarer officiellement un &#8220;tiers de confiance&#8221; pour faire valoir ses volont\u00e9s en mati\u00e8re de sant\u00e9**, le jour o\u00f9 on ne pourra plus le faire soi-m\u00eame est aussi un acte altruiste selon moi. Ne pas laisser ses proches dans des dilemmes insupportables devrait \u00eatre la pr\u00e9occupation de toute personne raisonnable avan\u00e7ant en \u00e2ge.<\/p><p><strong>La libert\u00e9 et l\u2019\u00e9galit\u00e9 sont des droits, la fraternit\u00e9 un devoir : assumons ce devoir et construisons un monde meilleur. L&#8217;\u00e9go\u00efsme nous enferme. Nous ne perdons que ce que nous ne donnons pas.<\/strong><\/p><p>Je dois prendre soin de mon prochain, car je sais <em>&#8220;qu&#8217;on r\u00e9colte ceux que l&#8217;on s&#8217;aime.&#8221;<\/em> <strong>JMP<\/strong><\/p><p>*Mes exp\u00e9riences perso. b\u00e9n\u00e9voles : clubs services, caritatif, confessionnel, sportif, citoyennet\u00e9, pro et para-pro.<\/p><p>**R\u00e9diger ses directives anticip\u00e9es d\u00e8s lors que l&#8217;on souffre d&#8217;une maladie est aussi vivement conseill\u00e9.<\/p><p><strong>PS<\/strong> : Lire ma <a href=\"https:\/\/accelerateur-de-croissance.blogspot.com\/2017\/06\/donner-de-soi.html\" target=\"_blank\" title=\"Donner de soi CT 158 Juin 2017\" rel=\"noopener\">Chronique Terrienne n\u00b0158 de juin 2017 : &#8220;Donner de soi&#8221;.<\/a><\/p>\t\t\t\t\t<\/div>\n\t\t\t\t\t\t<\/div>\n\t\t\t\t<\/div>\n\t\t\t\t\t\t<\/div>\n\t\t\t\t\t<\/div>\n\t\t<\/div>\n\t\t\t\t\t\t\t\t<\/div>\n\t\t\t\t\t<\/div>\n\t\t<\/section>\n\t\t\t\t\t\t<\/div>\n\t\t\t\t\t\t<\/div>\n\t\t\t\t\t<\/div>\n\t\t","protected":false},"featured_media":5380,"template":"","themes":[40,38,37],"class_list":["post-5379","blog","type-blog","status-publish","has-post-thumbnail","hentry","themes-accompagnement","themes-confiance","themes-test2"],"acf":[],"aioseo_notices":[],"_links":{"self":[{"href":"https:\/\/jmponcet.fr\/nov-apijson\/wp\/v2\/blog\/5379","targetHints":{"allow":["GET"]}}],"collection":[{"href":"https:\/\/jmponcet.fr\/nov-apijson\/wp\/v2\/blog"}],"about":[{"href":"https:\/\/jmponcet.fr\/nov-apijson\/wp\/v2\/types\/blog"}],"version-history":[{"count":4,"href":"https:\/\/jmponcet.fr\/nov-apijson\/wp\/v2\/blog\/5379\/revisions"}],"predecessor-version":[{"id":5388,"href":"https:\/\/jmponcet.fr\/nov-apijson\/wp\/v2\/blog\/5379\/revisions\/5388"}],"wp:featuredmedia":[{"embeddable":true,"href":"https:\/\/jmponcet.fr\/nov-apijson\/wp\/v2\/media\/5380"}],"wp:attachment":[{"href":"https:\/\/jmponcet.fr\/nov-apijson\/wp\/v2\/media?parent=5379"}],"wp:term":[{"taxonomy":"themes","embeddable":true,"href":"https:\/\/jmponcet.fr\/nov-apijson\/wp\/v2\/themes?post=5379"}],"curies":[{"name":"wp","href":"https:\/\/api.w.org\/{rel}","templated":true}]}}