{"id":5373,"date":"2024-03-13T17:51:34","date_gmt":"2024-03-13T16:51:34","guid":{"rendered":"https:\/\/jmponcet.fr\/?post_type=blog&#038;p=5373"},"modified":"2025-10-16T15:16:37","modified_gmt":"2025-10-16T13:16:37","slug":"pas-trop-nimes-je-prefere-avignon-pour-un-pre-nom","status":"publish","type":"blog","link":"https:\/\/jmponcet.fr\/blog\/pas-trop-nimes-je-prefere-avignon-pour-un-pre-nom\/","title":{"rendered":"&#8220;Pas trop N\u00eemes&#8221; (je pr\u00e9f\u00e8re Avignon, pour un pr\u00e9-nom)"},"content":{"rendered":"\t\t<div data-elementor-type=\"wp-post\" data-elementor-id=\"5373\" class=\"elementor elementor-5373\" data-elementor-settings=\"[]\">\n\t\t\t\t\t\t<div class=\"elementor-inner\">\n\t\t\t\t\t\t\t<div class=\"elementor-section-wrap\">\n\t\t\t\t\t\t\t<section class=\"elementor-section elementor-top-section elementor-element elementor-element-4819dc52 elementor-section-boxed elementor-section-height-default elementor-section-height-default\" data-id=\"4819dc52\" data-element_type=\"section\">\n\t\t\t\t\t\t<div class=\"elementor-container elementor-column-gap-default\">\n\t\t\t\t\t\t\t<div class=\"elementor-row\">\n\t\t\t\t\t<div class=\"elementor-column elementor-col-100 elementor-top-column elementor-element elementor-element-9ab5d5f\" data-id=\"9ab5d5f\" data-element_type=\"column\">\n\t\t\t<div class=\"elementor-column-wrap elementor-element-populated\">\n\t\t\t\t\t\t\t<div class=\"elementor-widget-wrap\">\n\t\t\t\t\t\t<div class=\"elementor-element elementor-element-d5f3911 elementor-widget elementor-widget-text-editor\" data-id=\"d5f3911\" data-element_type=\"widget\" data-widget_type=\"text-editor.default\">\n\t\t\t\t<div class=\"elementor-widget-container\">\n\t\t\t\t\t\t\t\t<div class=\"elementor-text-editor elementor-clearfix\">\n\t\t\t\t<p><strong>Chronique Terrienne n\u00b0 252<\/strong> <em>&#8220;On ne l&#8217;appellera pas Wendy, car ses initiales seraient alors WC&#8221;<\/em>, fut la remarque judicieuse d&#8217;un ami \u00e0 propos de sa fille \u00e0 na\u00eetre (lui qui appr\u00e9ciait le pr\u00e9nom de ma copine Wendy de Washington DC). <strong>Et oui, il faut \u00eatre tout d&#8217;abord vigilant \u00e0 la combinaison &#8220;Pr\u00e9nom + Patronyme&#8221;, car elle peut donner des choses troublantes<\/strong>, <strong>ou aboutir comme dans mon exemple, \u00e0 une impasse, sanitaire \ud83d\ude09 Mais il y a des parents fran\u00e7ais qui ne semblent pas beaucoup<\/strong> <strong>r\u00e9fl\u00e9chir \u00e0 l&#8217;impact n\u00e9gatif de certains pr\u00e9noms sur la vie<\/strong> <strong>de leur prog\u00e9niture<\/strong>, avec des choix quelque peu inopin\u00e9s. Car s&#8217;il y a Shannon, Brian ou Nevada, mais aussi Dixon ou Spencer pour les fous furieux de s\u00e9ries US. Il y a Hyacinthe, Herminia, C\u00e9lestin, L\u00e9onie ou Oreste pour les passionn\u00e9s <del>d&#8217;arch\u00e9ologie<\/del>. Sans parler de ces orthographes qui se veulent insolites et qui vont bigrement compliquer l&#8217;\u00e9tat civil de Elena, Carolle, Enzzo, Anays, Camill, Mannon ou Mya !<\/p><p><strong>Je pose simplement la question : est-ce bien les &#8220;\u00e9lever&#8221; ces enfants ? (\u00e0 noter que Mia a pour \u00e9tymologie &#8220;celle qui \u00e9l\u00e8ve&#8221; en h\u00e9breu). <\/strong><strong>&#8220;Tu seras appel\u00e9 : de quelle grande vertu et de quel encouragement est-ce le signe que la mani\u00e8re de donner des noms ! <\/strong><strong>Je vous le demande, donnez \u00e0 vos enfants des noms de justes&#8221; a dit Saint-Jean Chrysostome.* <\/strong>Je compl\u00e8terais ainsi : <em>&#8220;Donnez juste de(s) <del>vrais<\/del> noms.&#8221;<\/em> \ud83d\ude09<\/p><p>Quant \u00e0 nos noms ou patronymes (qu&#8217;en principe on ne choisit pas), il y a parfois du lourd (<del>\u00e0 port\u00e9e de main<\/del>) :<br \/>Le nom de famille Pornot est port\u00e9 par 4093 acteurs. Letocart est port\u00e9 par 3335 \u00e9nergum\u00e8nes. Grosmollard : 2009 gaillards. 433 fran\u00e7ais portent le nom Connard. 173 humains : Malfaisan. Saligaut pour 56 individus. Pour 78 gonzes c&#8217;est Pourrit. Pour 158 d&#8217;entre nous, c&#8217;est Meurdesoif (mais nombreux sont les Perrier). 38 z\u00e8bres s&#8217;appellent Cornichon, et pour Leporc il y en a 119. 401 particuliers portent le nom de famille Pipi et 441 contemporains : Vieilledent. 40 \u00e2mes portent le nom de famille Quasimodo, alors que le nom <del>qui pr\u00eate \u00e0 rire<\/del> Rigolo est port\u00e9 par 89 <del>clowns<\/del> \u00eatres. De nos jours, 1492 personnes portent le nom Groslard. Mais il faut savoir que 15149 habitants portent le nom de famille Clochard. Pourtant, un nom \u00e0 coucher dehors. Alors que 2569 quidam portent le nom de famille Malcoiff\u00e9. Un bon cr\u00e9neau pour nos capilliculteurs.<\/p><p>Prions pour ces pauvres gens en nous adressant \u00e0 qui de droit : <em>&#8220;Les Saints m&#8217;habitent&#8221;<\/em> disait Patrice Coquin. J&#8217;ai ainsi bien connu No\u00eblle Robert et aussi Karine Grossin (qui n&#8217;habite pas Messein en Meurthe-et-Moselle). Cette bourgade ne va pas nouer un jumelage avec Monteton, mais les deux villages font d\u00e9sormais partie du &#8220;Groupement des communes aux noms burlesques&#8221;. Et je ne parle pas de Pierre Bonnichon, qui, sur LinkedIn lui aussi, se dit &#8220;sportif de haut niveau&#8221; et de Martine Teton, que j&#8217;ai crois\u00e9 chez un client (qui ne tient pas commerce de bonneterie), car ils portent tous deux en effet le <del>buste<\/del> patronyme tr\u00e8s haut !<\/p><p>Vous dire que Fr\u00e9d\u00e9ric Dieu est mon idole. Mais Anne Patissier est-elle gourmande ? Le P\u00e8re Lucien Vivant est mort \u00e0 89 ans r\u00e9cemment. J\u00e9r\u00f4me Bande (encore) est Docteur en <del>bande organis\u00e9e<\/del> histoire ? Val\u00e9rie Pigeon est avocate (pour les victimes dup\u00e9es) et Olivier Courapied est coach (of course). Adrien Sourd et Paul de la Peine, sont des psy. que j&#8217;ai crois\u00e9 ces derniers temps. L&#8217;un dit exercer l&#8217;\u00e9coute en Cabinet, l&#8217;autre vouloir travailler sur les risques psycho-sociaux au travail. Je n&#8217;ai qu&#8217;un mot : respect !<\/p><p>Que penser, dans mon m\u00e9tier de coach, de Sophie Rondel, qui se pr\u00e9sente comme Mentor et surtout <em>&#8220;Exploratrice et pionni\u00e8re, une Madame Christophe Colomb, pour ouvrir de nouvelles voies&#8221;<\/em>. Sans ailes, j&#8217;en reste surtout sans voix. Au moins Ana\u00eblle Malaise, Am\u00e9lie Cr\u00e9tin, Marie-Rose Bourrin n&#8217;y peuvent rien, elles (m\u00eame si elles cherchent peut-\u00eatre leur voie). Arthur Beauvisage, B\u00e9atrice de Bonnechose et Sylvie Portejoie, eux, nous remontent le moral. Tout comme Laetitia Canon qui est assistante administrative (son imprimante, c&#8217;est une Canon ?) Jacques Salles et Luc Gras figurent sur LinkedIn, mais Aline Suss &#8220;en fonction de votre profil&#8221; annonce LinkedIn en dessous de sa photo. L\u00e9on Talon n&#8217;en porterait jamais ? Bianca Babouche non plus ? Anna Pinard recrute (pas dans un grand cru). Guislaine Rognon et Jacques Ballot ne sont pas g\u00e2t\u00e9s, comme Jean Lacroute. Et oui, on ne peut tous se nommer Geoffroy de Tili\u00e8re ou Aymeric de B\u00e9zenac (quelle classe) !<\/p><p>Si faire autorit\u00e9 est mal barr\u00e9 pour Louis Benet ou Mikko Piippo, tout comme Alice Ruin\u00e9 ; pour L\u00e9a Arnac le commerce sera sans doute d\u00e9licat. Robert Rat \u00e9tait conseiller \u00e0 P\u00f4le-Emploi pendant que Brigitte Passetemps dirigeait l&#8217;agence. Et que faire lorsque le social-media susnomm\u00e9 vous annonce dans votre bo\u00eete mail : <em>&#8220;Connaissez-vous Monique Lamousse ?&#8221;<\/em> (promotion m\u00e9dicale). Aller se laver les mains ? (on \u00e9tait en 2020).<\/p><p>Patronyme, quand tu es un fardeau&#8230; <strong>JMP<\/strong> (qui pr\u00e9f\u00e8re Avignon, m\u00eame s&#8217;il n&#8217;y a plus tout le pont (cet) \ud83d\ude09<\/p><p>* <strong>Jean d&#8217;Antioche (v. 349-407)<\/strong>, ne re\u00e7ut que longtemps apr\u00e8s sa mort le surnom de &#8220;Bouche d&#8217;or&#8221; pour \u00e9voquer son exceptionnelle \u00e9loquence. <a href=\"https:\/\/nominis.cef.fr\/\" target=\"_blank\" title=\"Des noms de Justes\" rel=\"noopener\">https:\/\/nominis.cef.fr\/<\/a><\/p><p><strong>NB<\/strong> : Selon l&#8217;INSEE, plus de 144 000 Fran\u00e7ais ont chang\u00e9 de nom de famille 15 mois apr\u00e8s la loi du 2 mars 2022 permettant de choisir celui de l&#8217;autre parent (beaucoup de jeunes femmes ont d\u00e9cid\u00e9 de prendre le patronyme de leur m\u00e8re, faute de conna\u00eetre ou d&#8217;avoir b\u00e9n\u00e9fici\u00e9 de l&#8217;amour de leur p\u00e8re).<\/p><p><strong>Note de l&#8217;auteur<\/strong> : <em>&#8220;Cette chronique n\u00b0252 est une boutade qui n&#8217;a d&#8217;autre fin que de pr\u00e9venir les futurs parents et compatir aux porteurs de patronymes parfois lourds \u00e0 porter en d\u00e9livrant, par cette prose, un peu de l\u00e9g\u00e8ret\u00e9.&#8221;<\/em><\/p><p><strong>PS<\/strong> : Lire mes 4 autres chroniques sur le m\u00eame sujet dans les archives du Blog de JMP : en 2007, 2008 et 2013 : <a href=\"http:\/\/www.accelerateur-de-croissance.com\" target=\"_blank\" title=\"Autres Chroniques de JMP sur \" patronyme=\"\" rel=\"noopener\">http:\/\/www.accelerateur-de-croissance.com<\/a> (mot clef &#8220;Patronyme&#8221;)<\/p>\t\t\t\t\t<\/div>\n\t\t\t\t\t\t<\/div>\n\t\t\t\t<\/div>\n\t\t\t\t\t\t<\/div>\n\t\t\t\t\t<\/div>\n\t\t<\/div>\n\t\t\t\t\t\t\t\t<\/div>\n\t\t\t\t\t<\/div>\n\t\t<\/section>\n\t\t\t\t\t\t<\/div>\n\t\t\t\t\t\t<\/div>\n\t\t\t\t\t<\/div>\n\t\t","protected":false},"featured_media":5374,"template":"","themes":[40,38,37],"class_list":["post-5373","blog","type-blog","status-publish","has-post-thumbnail","hentry","themes-accompagnement","themes-confiance","themes-test2"],"acf":[],"aioseo_notices":[],"_links":{"self":[{"href":"https:\/\/jmponcet.fr\/nov-apijson\/wp\/v2\/blog\/5373","targetHints":{"allow":["GET"]}}],"collection":[{"href":"https:\/\/jmponcet.fr\/nov-apijson\/wp\/v2\/blog"}],"about":[{"href":"https:\/\/jmponcet.fr\/nov-apijson\/wp\/v2\/types\/blog"}],"version-history":[{"count":12,"href":"https:\/\/jmponcet.fr\/nov-apijson\/wp\/v2\/blog\/5373\/revisions"}],"predecessor-version":[{"id":8142,"href":"https:\/\/jmponcet.fr\/nov-apijson\/wp\/v2\/blog\/5373\/revisions\/8142"}],"wp:featuredmedia":[{"embeddable":true,"href":"https:\/\/jmponcet.fr\/nov-apijson\/wp\/v2\/media\/5374"}],"wp:attachment":[{"href":"https:\/\/jmponcet.fr\/nov-apijson\/wp\/v2\/media?parent=5373"}],"wp:term":[{"taxonomy":"themes","embeddable":true,"href":"https:\/\/jmponcet.fr\/nov-apijson\/wp\/v2\/themes?post=5373"}],"curies":[{"name":"wp","href":"https:\/\/api.w.org\/{rel}","templated":true}]}}