{"id":5369,"date":"2024-03-07T12:33:27","date_gmt":"2024-03-07T11:33:27","guid":{"rendered":"https:\/\/jmponcet.fr\/?post_type=blog&#038;p=5369"},"modified":"2024-05-02T22:49:21","modified_gmt":"2024-05-02T20:49:21","slug":"motard-mon-gaillard","status":"publish","type":"blog","link":"https:\/\/jmponcet.fr\/blog\/motard-mon-gaillard\/","title":{"rendered":"&#8220;Motard, mon gaillard !&#8221;"},"content":{"rendered":"\t\t<div data-elementor-type=\"wp-post\" data-elementor-id=\"5369\" class=\"elementor elementor-5369\" data-elementor-settings=\"[]\">\n\t\t\t\t\t\t<div class=\"elementor-inner\">\n\t\t\t\t\t\t\t<div class=\"elementor-section-wrap\">\n\t\t\t\t\t\t\t<section class=\"elementor-section elementor-top-section elementor-element elementor-element-76d42cbc elementor-section-boxed elementor-section-height-default elementor-section-height-default\" data-id=\"76d42cbc\" data-element_type=\"section\">\n\t\t\t\t\t\t<div class=\"elementor-container elementor-column-gap-default\">\n\t\t\t\t\t\t\t<div class=\"elementor-row\">\n\t\t\t\t\t<div class=\"elementor-column elementor-col-100 elementor-top-column elementor-element elementor-element-69214479\" data-id=\"69214479\" data-element_type=\"column\">\n\t\t\t<div class=\"elementor-column-wrap elementor-element-populated\">\n\t\t\t\t\t\t\t<div class=\"elementor-widget-wrap\">\n\t\t\t\t\t\t<div class=\"elementor-element elementor-element-3c0c73ba elementor-widget elementor-widget-text-editor\" data-id=\"3c0c73ba\" data-element_type=\"widget\" data-widget_type=\"text-editor.default\">\n\t\t\t\t<div class=\"elementor-widget-container\">\n\t\t\t\t\t\t\t\t<div class=\"elementor-text-editor elementor-clearfix\">\n\t\t\t\t<p>[Po\u00e8mes \u00e0 la <del>flamme<\/del> flemme]<\/p><p><strong>Chronique Terrienne n\u00b0 251<\/strong>\u00a0\u00a0&#8220;<em>Voici mon casque, ma protection, le confident de mes pens\u00e9es. Il porte mon odeur, mon addiction, mon trac\u00e9, mes peurs&#8230;<\/em>&#8220;<br \/>Quel est donc ce myst\u00e8re ? Quelle est donc cette passion ? Ce n\u2019est pas le motard qui prend sa moto ; c\u2019est la moto qui prend le motard !<br \/>Oui les motards sont des personnes bizarres : elles t&#8217;insultent avec la main et te remercient avec le pied \ud83d\ude09<br \/>Mais surtout, avez-vous remarqu\u00e9 ? Elles se saluent entre elles d&#8217;un &#8220;V&#8221; avec les doigts.<br \/><strong>Plus de 8 milliards d&#8217;humains sur terre, plus de 1000 langues diff\u00e9rentes, et les motards du monde entier n&#8217;ont qu&#8217;un seul signe de reconnaissance entre eux : le &#8220;V&#8221;. Un geste bienveillant signifiant prudence et connivence depuis 120 ans.*<\/strong><\/p><p>Respect mon(ma) gaillard(e). <strong>JMP<\/strong><\/p><p>* <a href=\"https:\/\/www.pirelli.com\/global\/fr-fr\/road\/moto\/conseils\/le-v-la-salutation-entre-motards-va-feter-ses-120-ans-comment-cela-a-t-il-commence-62736\/\" target=\"_blank\" title=\"Le V motard a 120 ans (texte)\" rel=\"noopener\">le-v-la-salutation-entre-motards-va-feter-ses-120-ans<\/a><br \/>&#8220;Le V motard : <a href=\"https:\/\/www.youtube.com\/watch?v=0bC5tUxbPFg\" target=\"_blank\" title=\"Le V motard (vid\u00e9o)\" rel=\"noopener\">un signe universel \u00e0 l&#8217;histoire incroyable<\/a>&#8220;<\/p><p><strong>Six petits po\u00e8mes<\/strong> (six confits no\u00ebls) -25 publi\u00e9s \u00e0 ce jour dans Le Blog de JMP- :<\/p><p><strong>&#8220;Qui aurait cru ?&#8221;\u00a0<\/strong><br \/>Qui aurait cru au jour de l&#8217;an,<br \/>Moi qui \u00e9crivais comme un gland,<br \/>M&#8217;emporterait la po\u00e9sie,<br \/>Bien agr\u00e9able maladie.<br \/>La belle forme d&#8217;expression,<br \/>Elle invite \u00e0 la suggestion.<br \/>Parce que l&#8217;important dans la vie,<br \/>C&#8217;est la nuance, c&#8217;est le d\u00e9fi,<br \/>La subtilit\u00e9 du labeur,<br \/>Le ravissement du lecteur.<\/p><p><strong>&#8220;En concession&#8221;\u00a0<\/strong><br \/>Le vendeur s&#8217;affaire, la secr\u00e9taire r\u00e9pond,<br \/>Ce ne sont pas mes affaires, j&#8217;attends en concession.<br \/>Au printemps mon auto, \u00e0 l&#8217;automne ma moto,<br \/>L&#8217;entretien il le faut, j&#8217;attends le m\u00e9cano.<br \/>Des moments de lecture, instants d&#8217;observation,<br \/>Clients et aventures, je suis en concession.<br \/>De mon temps chaque ann\u00e9e, courir en homme press\u00e9,<br \/>Je ne fuis plus jamais, mon pr\u00e9sent imparfait.<br \/>Mon pressant, mon pass\u00e9, aucune concession,<br \/>Du tant, insoup\u00e7onn\u00e9, je prends la permission.<\/p><p><strong>&#8220;Pr\u00e8s du lac&#8221;<\/strong><br \/>Il vivait pr\u00e8s d&#8217;un petit lac,<br \/>Il n&#8217;y faisait pas du kayak.<br \/>Une pi\u00e8ce d&#8217;eau o\u00f9 nagu\u00e8re,<br \/>Nous emmenions nos trois enfants.<br \/>Il y construisit sur ses terres,<br \/>Un logis, un nid annon\u00e7ant,<br \/>Avec jardin et logement,<br \/>Mais d\u00fb attendre cinquante ans,<br \/>Pour voir son couple, une famille,<br \/>D&#8217;un coup d&#8217;un seul, avec trois filles,<br \/>La moto il avait stopp\u00e9e,<br \/>Et puis la retraite a sonn\u00e9,<br \/>Une belle vie avec retard,<br \/>C&#8217;est souvent le lot du motard.<br \/>Dans le quartier de Saint-Andr\u00e9,<br \/>Vit bien, mon vieux copain Didier.<\/p><p>PS : la moto, il a renou\u00e9 \ud83d\ude42<\/p><p><strong>&#8220;Interne des happy pots&#8221; *<\/strong><br \/>Ces derni\u00e8res ann\u00e9es eu le besoin,<br \/>De mes souvenirs de prendre soin,<br \/>Dans Chamb\u00e9ry, remarcher \u00e0 pied,<br \/>Je la revoyais, blonde en bustier.<br \/>Avenue des Ducs, place Saint-L\u00e9ger,<br \/>Caf\u00e9 de l&#8217;Horloge se poser,<br \/>Un Monaco bien frais appr\u00e9cier.<br \/>&#8220;Prendre un pot&#8221;, c&#8217;\u00e9tait presque un gros mot,<br \/>Espoir d&#8217;une sortie, moi l&#8217;interne,<br \/>Envie d&#8217;une folie, bien lointaine,<br \/>Et oui c&#8217;est bien de se rappeler,<br \/>Des surboums et nombre de soir\u00e9es,<br \/>Mais du sourire de Marie-No\u00eblle,<br \/>Mon c\u0153ur bat fort, sa main dans la mienne,<br \/>De quoi rougir au Bar du Soleil,<br \/>Pas de remord de cette lyc\u00e9enne,<br \/>J&#8217;ai bien apr\u00e8s trouv\u00e9 cent fois mieux,<br \/>C&#8217;\u00e9tait la balade des gens heureux.<\/p><p>PS : Calogero c&#8217;est 87, et bien pour moi c&#8217;est 77 !<\/p><p>*du Professeur Rollin, (des H\u00f4pitaux de Bari) <em>&#8220;qui a toujours quelque chose \u00e0 dire&#8221;<\/em> \ud83d\ude09<\/p><p><strong>&#8220;L&#8217;\u00e9cureuil du tilleul&#8221;<\/strong><br \/>On le voyait par intermittence,<br \/>Avec sa longue queue arbor\u00e9e,<br \/>Il feignait toujours l&#8217;indiff\u00e9rence,<br \/>Comme s&#8217;il \u00e9tait seul dans la for\u00eat.<br \/>C&#8217;\u00e9tait un petit ami peureux,<br \/>Il habitait bien notre jardin,<br \/>Autant que le geai g\u00e9latineux,<br \/>Geignait bel et bien dans le jasmin.<\/p><p>PS : en r\u00e9f\u00e9rence \u00e0 <em>&#8220;Le geai g\u00e9latineux geignait dans le jasmin&#8221;<\/em> de Ren\u00e9 de Obaldia<\/p><p><strong>&#8220;Couche-toi et roule !&#8221;<\/strong><br \/>J&#8217;ai r\u00e9cemment couch\u00e9 \u00e0 Couches,<br \/>En un bel ancien relais de poste,<br \/>Quand fatigu\u00e9, ma moto j&#8217;accostes,<br \/>Avant tout je prends une bonne douche.<br \/>A 20h quand la faim m&#8217;aiguillonne,<br \/>Un lundi, un seul restau fonctionne,<br \/>La gargoti\u00e8re, comme des malpropres,<br \/>Ne nous ouvrit pas du tout sa porte.<br \/>Je me souviendrai de ce village,<br \/>De ma faim pendant ce voyage,<br \/>De cette \u00e9tape Bourguignonne,<br \/>Et de Marguerite de Bourgogne,<br \/>Dont le ch\u00e2teau, sur le dallage,<br \/>Le seau n&#8217;\u00e9tait pas de mon lignage.<br \/>Ici aux portes du Morvan,<br \/>&#8220;Autun en emporte le vent&#8221;,<br \/>Comme a dit le grand Clark Gable,<br \/>C&#8217;est un vrai beau m\u00e9tier l&#8217;accueil.<br \/>Si l&#8217;air frais prend le cerf-volant,<br \/>Le motard prend parfois un vent,<br \/>Le touriste et son portefeuille,<br \/>Prend aussi porte dans sa gueule.<\/p><p>PS, voici l&#8217;iti. : Macon, Cluny, Chalons, pipi, Lac des Settons, sans Mappy, Ch\u00e2teau-Chinon et une minute de silence pour Tonton \ud83d\ude09<\/p><p>\u00a9JMP LCM Le Coach Motard\u00ae (2022-2024)<\/p><p>D&#8217;autres &#8220;<strong>Po\u00e8mes \u00e0 la flemme<\/strong>&#8220;&#8230;<br \/>ici : <a href=\"https:\/\/jmponcet.fr\/blog\/les-bobards-du-coach-motard\/\" target=\"_blank\" title=\"Po\u00e8mes \u00e0 la flemme\" rel=\"noopener\">https:\/\/jmponcet.fr\/blog\/les-bobards-du-coach-motard\/<\/a><br \/>et l\u00e0 : <a href=\"https:\/\/jmponcet.fr\/blog\/le-regard-du-coach-motard\/\" target=\"_blank\" title=\"Po\u00e8mes \u00e0 la flemme\" rel=\"noopener\">https:\/\/jmponcet.fr\/blog\/le-regard-du-coach-motard\/<\/a><br \/>et encore l\u00e0 : <a href=\"https:\/\/jmponcet.fr\/blog\/le-rencard-du-coach-motard\/\" target=\"_blank\" title=\"Po\u00e8mes \u00e0 la flemme\" rel=\"noopener\">https:\/\/jmponcet.fr\/blog\/le-rencard-du-coach-motard\/<\/a><\/p>\t\t\t\t\t<\/div>\n\t\t\t\t\t\t<\/div>\n\t\t\t\t<\/div>\n\t\t\t\t\t\t<\/div>\n\t\t\t\t\t<\/div>\n\t\t<\/div>\n\t\t\t\t\t\t\t\t<\/div>\n\t\t\t\t\t<\/div>\n\t\t<\/section>\n\t\t\t\t\t\t<\/div>\n\t\t\t\t\t\t<\/div>\n\t\t\t\t\t<\/div>\n\t\t","protected":false},"featured_media":5370,"template":"","themes":[38,37,36],"class_list":["post-5369","blog","type-blog","status-publish","has-post-thumbnail","hentry","themes-confiance","themes-test2","themes-test1"],"acf":[],"aioseo_notices":[],"_links":{"self":[{"href":"https:\/\/jmponcet.fr\/nov-apijson\/wp\/v2\/blog\/5369","targetHints":{"allow":["GET"]}}],"collection":[{"href":"https:\/\/jmponcet.fr\/nov-apijson\/wp\/v2\/blog"}],"about":[{"href":"https:\/\/jmponcet.fr\/nov-apijson\/wp\/v2\/types\/blog"}],"version-history":[{"count":5,"href":"https:\/\/jmponcet.fr\/nov-apijson\/wp\/v2\/blog\/5369\/revisions"}],"predecessor-version":[{"id":5446,"href":"https:\/\/jmponcet.fr\/nov-apijson\/wp\/v2\/blog\/5369\/revisions\/5446"}],"wp:featuredmedia":[{"embeddable":true,"href":"https:\/\/jmponcet.fr\/nov-apijson\/wp\/v2\/media\/5370"}],"wp:attachment":[{"href":"https:\/\/jmponcet.fr\/nov-apijson\/wp\/v2\/media?parent=5369"}],"wp:term":[{"taxonomy":"themes","embeddable":true,"href":"https:\/\/jmponcet.fr\/nov-apijson\/wp\/v2\/themes?post=5369"}],"curies":[{"name":"wp","href":"https:\/\/api.w.org\/{rel}","templated":true}]}}