{"id":5315,"date":"2024-02-16T19:21:11","date_gmt":"2024-02-16T18:21:11","guid":{"rendered":"https:\/\/jmponcet.fr\/?post_type=blog&#038;p=5315"},"modified":"2024-05-02T22:24:51","modified_gmt":"2024-05-02T20:24:51","slug":"le-rencard-du-coach-motard","status":"publish","type":"blog","link":"https:\/\/jmponcet.fr\/blog\/le-rencard-du-coach-motard\/","title":{"rendered":"Le rencard du Coach Motard\u00ae"},"content":{"rendered":"\t\t<div data-elementor-type=\"wp-post\" data-elementor-id=\"5315\" class=\"elementor elementor-5315\" data-elementor-settings=\"[]\">\n\t\t\t\t\t\t<div class=\"elementor-inner\">\n\t\t\t\t\t\t\t<div class=\"elementor-section-wrap\">\n\t\t\t\t\t\t\t<section class=\"elementor-section elementor-top-section elementor-element elementor-element-11147ffd elementor-section-boxed elementor-section-height-default elementor-section-height-default\" data-id=\"11147ffd\" data-element_type=\"section\">\n\t\t\t\t\t\t<div class=\"elementor-container elementor-column-gap-default\">\n\t\t\t\t\t\t\t<div class=\"elementor-row\">\n\t\t\t\t\t<div class=\"elementor-column elementor-col-100 elementor-top-column elementor-element elementor-element-7da47c2\" data-id=\"7da47c2\" data-element_type=\"column\">\n\t\t\t<div class=\"elementor-column-wrap elementor-element-populated\">\n\t\t\t\t\t\t\t<div class=\"elementor-widget-wrap\">\n\t\t\t\t\t\t<div class=\"elementor-element elementor-element-4b5998b9 elementor-widget elementor-widget-text-editor\" data-id=\"4b5998b9\" data-element_type=\"widget\" data-widget_type=\"text-editor.default\">\n\t\t\t\t<div class=\"elementor-widget-container\">\n\t\t\t\t\t\t\t\t<div class=\"elementor-text-editor elementor-clearfix\">\n\t\t\t\t<p>[Po\u00e8mes \u00e0 la <span style=\"text-decoration: line-through;\">flamme<\/span> flemme]<\/p><p><strong>Chronique Terrienne n\u00b0 249<\/strong> Ne soyez pas en retard au &#8220;rencard du Coach Motard&#8221; !<\/p><p><em>&#8220;Arrive le mois de mars, oui le printemps approche, je n&#8217;exclus la menace, mon Opinel en poche, en moto me d\u00e9place, la combi les sacoches. A la Sainte-Colette, la saison est lanc\u00e9e, je pars bien en goguette, c&#8217;est tout bon cette ann\u00e9e, mon airbag sur le dos, le moteur est tout chaud.&#8221;*\u00a0<\/em><\/p><p>Ma nouvelle s\u00e9rie de Chroniques Terriennes sous-titr\u00e9es &#8220;Po\u00e8mes \u00e0 la <del>flamme<\/del>\u00a0flemme&#8221; refl\u00e8te cette phrase d&#8217;Andr\u00e9 MAUROIS : <strong><em>&#8220;L&#8217;homme d&#8217;action est avant tout un po\u00e8te.&#8221;<\/em><\/strong> Un lecteur me questionne : &#8220;C&#8217;est quoi ta religion ?&#8221; Je lui r\u00e9ponds : &#8220;La <del>flamme<\/del> la flemme.&#8221; &#8220;C&#8217;est quel culte ?&#8221; me demande-t-il. &#8220;Le culte de la personne alit\u00e9e.&#8221; Lui dis-je, en tant que Coach (Motard)\u00a0 \ud83d\ude09<\/p><p>Que votre <del>flemme<\/del> flamme de vie irradie d&#8217;amour et de joie le printemps qui vient.<strong> JMP<\/strong><\/p><p><strong>Six petits po\u00e8mes<\/strong> (encore) : 6 x 3 = 18 sur mon totem + celui que vous venez de lire (en renfort) qui s&#8217;intitule &#8220;Je pars&#8221; *<br \/><em>&#8220;Etre m\u00e9decin ** de campagne et d\u00e9cider de partir un jour, sans retour, sans se retourner, ne pas regretter&#8230; bref un toubib free.&#8221;\u00a0<\/em> \ud83d\ude09<br \/>**(ou coach des champs)<\/p><p><strong>&#8220;Il \u00f4tait Nice de sa vie&#8221; 2024<\/strong><br \/>Avec Alain ou Francis,<br \/>Sur le terrain au tennis,<br \/>Tapant dans la balle jaune,<br \/>Soit au Club pr\u00e8s des l\u00f4nes,<br \/>Ou aux abords du ruisseau,<br \/>A La Chapelle tout en haut,<br \/>De sacr\u00e9s match en 3 sets,<br \/>Le rire \u00e9tait ma raquette.<br \/>J&#8217;aimais bien la Riviera,<br \/>Monaco n&#8217;est pas \u00e0 moi.<br \/>Puis vint le mal au tendon,<br \/>Les douleurs puis l&#8217;abandon,<br \/>De ce sport 40 ann\u00e9es,<br \/>C&#8217;est Achille qui &#8220;m&#8217;a tuer&#8221; \ud83d\ude09<\/p><p><strong>&#8220;Un Bayard (et un motard)&#8221; 2024<\/strong><br \/>Dans ma petite ville,<br \/>la l\u00e9gende est docile.<br \/>Presque tout porte son nom,<br \/>son nom jamais son pr\u00e9nom.<br \/>On est fiers du Chevalier,<br \/>pour qui nous d\u00e8s cette ann\u00e9e,<br \/>f\u00eaterons 500 ans,<br \/>de son enterrement.<br \/>Sans peur et sans reproches,<br \/>sans beurre et sans brioche,<br \/>mon bon Bayard \u00e0 moi,<br \/>est un g\u00e2teau au chocolat.<\/p><p><strong>&#8220;Pile Poil&#8221; 2024<\/strong><br \/>A ton rendez-vous tu \u00e9tais donc bien \u00e0 l&#8217;heure,<br \/>Tu es mont\u00e9e c&#8217;est s\u00fbr pile poil dans l&#8217;ascenseur,<br \/>J&#8217;aime ainsi bien \u00eatre l&#8217;homme qui tombe \u00e0 pic,<br \/>Nos rencontres sont toujours vraiment po\u00e9tiques.<\/p><p><strong>&#8220;Ton paysage&#8221; 2023<\/strong><br \/>Dans cette convention citoyenne, tu \u00e9tais ma parisienne, j&#8217;\u00e9tais ton paysan.<br \/>Sans esprit partisan, tu m&#8217;as partag\u00e9 <del>ta peine<\/del> ton paysage ; j&#8217;ai appris de toi Fran\u00e7oise.<\/p><p><strong>&#8220;Lilas&#8221; 2024<\/strong><br \/>C&#8217;\u00e9tait la Saint-F\u00e9lix,<br \/>je sortais de mon bain,<br \/>Que les Dieux la gu\u00e9risse,<br \/>\u00e0 la Saint-Valentin.<br \/>Tout comme \u00e0 l&#8217;ordinaire,<br \/>Huit heures lundi matin,<br \/>la tumeur est meurtri\u00e8re,<br \/>O\u00f9 est le petit lutin ?<br \/>L&#8217;escalier je descendis,<br \/>Petit corps d\u00e9j\u00e0 p\u00e9tri,<br \/>oui la mort l&#8217;avait bien pris.<br \/>Dans mon chagrin j&#8217;ai pleur\u00e9,<br \/>Lilas notre petit chat,<br \/>Car\u00eame, 12 f\u00e9vrier,<br \/>le jour d&#8217;avant mardi-gras.<\/p><p>PS : <em>&#8220;Petit \u00e0 petit les chats deviennent l&#8217;\u00e2me de la maison&#8221;<\/em> disait Jean Cocteau.<\/p><p><strong>&#8220;(Je v\u0153ux) une carte postale&#8221; 2024<\/strong><br \/>Une carte bien imprim\u00e9e \u00e0 l&#8217;\u00e8re du digital,<br \/>c&#8217;est pas plus distingu\u00e9 mais plus patrimonial,<br \/>Une carte et une enveloppe,<br \/>sur le timbre une antilope ?<br \/>Non mais c&#8217;est le Roi Lion,<br \/>oui le h\u00e9ro des mitrons.<br \/>On va souhaiter la bonne ann\u00e9e \u00e0 tous ces gens,<br \/>qui sur les photos sourient de toutes leurs dents.<br \/>Moi gr\u00e2ce \u00e0 Facebook, j&#8217;ai f\u00eat\u00e9 l&#8217;anniversaire,<br \/>d&#8217;un apprenti big foot, en qu\u00eate de savoir-faire.<br \/>Oui j&#8217;aime bien le papier,<br \/><del>Meylan<\/del> mais lent est le courrier.<br \/>Des v\u0153ux en f\u00e9vrier ?<br \/>ou un mail en janvier ?<\/p><p>\u00a9JMP LCM Le Coach Motard\u00ae (2023-2024)<\/p><p><em>PS : D&#8217;autres &#8220;Po\u00e8mes \u00e0 la flemme&#8221; ici : <a href=\"https:\/\/jmponcet.fr\/blog\/les-bobards-du-coach-motard\/\" target=\"_blank\" title=\"Chronique Terrienne n\u00b0248\" rel=\"noopener\">https:\/\/jmponcet.fr\/blog\/les-bobards-du-coach-motard\/<\/a> et l\u00e0 : <a href=\"https:\/\/jmponcet.fr\/blog\/le-regard-du-coach-motard\/\" target=\"_blank\" title=\"Chronique Terrienne n\u00b0245\" rel=\"noopener\">https:\/\/jmponcet.fr\/blog\/le-regard-du-coach-motard\/<\/a><\/em><br \/><em>&#8230; et ne soyez pas en retard au &#8220;Rencard du Coach Motard&#8221; sur Le Blog de JMP !<\/em><\/p>\t\t\t\t\t<\/div>\n\t\t\t\t\t\t<\/div>\n\t\t\t\t<\/div>\n\t\t\t\t\t\t<\/div>\n\t\t\t\t\t<\/div>\n\t\t<\/div>\n\t\t\t\t\t\t\t\t<\/div>\n\t\t\t\t\t<\/div>\n\t\t<\/section>\n\t\t\t\t\t\t<\/div>\n\t\t\t\t\t\t<\/div>\n\t\t\t\t\t<\/div>\n\t\t","protected":false},"featured_media":5316,"template":"","themes":[38,37,36],"class_list":["post-5315","blog","type-blog","status-publish","has-post-thumbnail","hentry","themes-confiance","themes-test2","themes-test1"],"acf":[],"aioseo_notices":[],"_links":{"self":[{"href":"https:\/\/jmponcet.fr\/nov-apijson\/wp\/v2\/blog\/5315","targetHints":{"allow":["GET"]}}],"collection":[{"href":"https:\/\/jmponcet.fr\/nov-apijson\/wp\/v2\/blog"}],"about":[{"href":"https:\/\/jmponcet.fr\/nov-apijson\/wp\/v2\/types\/blog"}],"version-history":[{"count":20,"href":"https:\/\/jmponcet.fr\/nov-apijson\/wp\/v2\/blog\/5315\/revisions"}],"predecessor-version":[{"id":5443,"href":"https:\/\/jmponcet.fr\/nov-apijson\/wp\/v2\/blog\/5315\/revisions\/5443"}],"wp:featuredmedia":[{"embeddable":true,"href":"https:\/\/jmponcet.fr\/nov-apijson\/wp\/v2\/media\/5316"}],"wp:attachment":[{"href":"https:\/\/jmponcet.fr\/nov-apijson\/wp\/v2\/media?parent=5315"}],"wp:term":[{"taxonomy":"themes","embeddable":true,"href":"https:\/\/jmponcet.fr\/nov-apijson\/wp\/v2\/themes?post=5315"}],"curies":[{"name":"wp","href":"https:\/\/api.w.org\/{rel}","templated":true}]}}