{"id":5296,"date":"2024-02-05T15:14:48","date_gmt":"2024-02-05T14:14:48","guid":{"rendered":"https:\/\/jmponcet.fr\/?post_type=blog&#038;p=5296"},"modified":"2024-02-05T15:14:48","modified_gmt":"2024-02-05T14:14:48","slug":"musique","status":"publish","type":"blog","link":"https:\/\/jmponcet.fr\/blog\/musique\/","title":{"rendered":"Musique !"},"content":{"rendered":"<p><strong>Chronique Terrienne n\u00b0 247<\/strong>\u00a0 &#8220;La musique est fondamentale, comme le beau, l&#8217;humour, la gentillesse&#8221; dit la chanteuse de 24 ans, Zaho de Sagazan. J&#8217;adh\u00e8re (comme dit Coline PATTEX, n\u00e9e UHU) \ud83d\ude09<\/p>\n<p>Elle lit Montaigne* qui comme elle, d\u00e9testait les gens p\u00e9dants, et fait preuve d&#8217;une grande maturit\u00e9 pour son \u00e2ge face \u00e0 la notori\u00e9t\u00e9**. <em><strong>&#8220;Dans un an, apr\u00e8s la tourn\u00e9e des Z\u00e9niths, je retournerai faire l&#8217;auxiliaire de vie, b\u00e9n\u00e9vole cette fois, pour ne pas perdre la boule.<\/strong> On passe sa vie \u00e0 t&#8217;applaudir et \u00e0 te remercier d&#8217;exister ; auxiliaire de vie en revanche, c&#8217;est \u00e0 peu pr\u00e8s l&#8217;oppos\u00e9. C&#8217;est \u00e9puisant, tu es pay\u00e9 que dalle, personne ne t&#8217;applaudit. C&#8217;est une profession fabuleuse que j&#8217;ai faite de bon c\u0153ur.&#8221;<\/em> (dans un EHPAD pour financer son premier album <em>&#8220;La symphonie des \u00e9clairs&#8221;<\/em>) Elle ajoute : <em>&#8220;<strong>Si je ne le fais pas, je risque de devenir quelqu&#8217;un que je n&#8217;ai pas envie d&#8217;\u00eatre.<\/strong> <strong>Oui, retourner aux choses essentielles, comme donner de soi sans \u00eatre applaudie, pour ne pas devenir con.&#8221;<\/strong><\/em><\/p>\n<p>Je suis litt\u00e9ralement \u00e9bahi par l&#8217;interview de cette jeune femme (que je ne connaissais que de nom), parue dans un magazine r\u00e9cent, \u00e0 l&#8217;occasion des Victoires de la musique 2024. Elle, hyper-sensible et jumelle, me touche. C&#8217;est chouette de voir des artistes de la nouvelle g\u00e9n\u00e9ration avec un tel \u00e9tat d&#8217;esprit !<\/p>\n<p>Ah la musique et moi, c&#8217;est une vieille histoire. J&#8217;en \u00e9coute beaucoup ; \u00e7a vous le savez. Mais j&#8217;ai manqu\u00e9 de peu une carri\u00e8re artistique !\u00a0Fan de Jean-Mi*** (notamment), ma premi\u00e8re paie est pass\u00e9e dans un orgue \u00e9lectronique, int\u00e9gralement. Un &#8220;Farfisa Matador AR&#8221; avec accompagnement rythmique et effet &#8220;Wha-Wha&#8221;, figurez-vous. Nous \u00e9tions en 1978 : An 1.<\/p>\n<p>Puis quelques ann\u00e9es plus tard, j&#8217;ai positionn\u00e9 dessus un synth\u00e9tiseur de recherche Roland SH-101. J&#8217;en sortais des sons de folie ! Avec un ampli VAP 20K &#8220;special keyboard&#8221;****, je faisais des b\u0153ufs <del>d&#8217;anthologie<\/del> avec mon cousin Lolo.<\/p>\n<p>J&#8217;ai termin\u00e9 ma br\u00e8ve carri\u00e8re de compositeur-junior-solo par un synth\u00e9-guitare Yamaha SHS-10, qui me permettait de faire des d\u00e9placements ais\u00e9s pour me produire devant 10 \u00e0 20 <del>000<\/del> spectateurs (\u00e9bahis) avec Momo, mon ami, vrai guitar-hero (lui). Entre mes 15 et 30 ans, j&#8217;ai ainsi, en effet, souvent t\u00e2ter du clavier : orgue\/piano\/synth\u00e9, mais je n&#8217;\u00e9tais assur\u00e9ment vraiment pas dou\u00e9. Des heures et des heures \u00e0 travailler pour des succ\u00e8s tr\u00e8s limit\u00e9s. C&#8217;est certain, je n&#8217;ai pas eu de soucis de notori\u00e9t\u00e9 \ud83d\ude09 Mais que de bons moments pass\u00e9s, en compagnie des partitions Paul Beuscher.<\/p>\n<p><strong>Oui la musique est fondamentale, comme le beau, l&#8217;humour, la gentillesse&#8230; Faire les choses avec le c\u0153ur, partager, ne pas trop se prendre au s\u00e9rieux. Et si on est applaudi, garder les pieds sur terre.<\/strong><\/p>\n<p>Je n\u2019avais pas encore lu <em>&#8220;Les essais&#8221;<\/em>*, alors j&#8217;ai beaucoup essay\u00e9 ; mais \u00e0 d\u00e9faut de percer dans l&#8217;\u00e9lectro, j&#8217;ai ressass\u00e9 de la vari\u00e9t\u00e9. Y&#8217;avait aussi du T\u00e9l\u00e9phone, du Supertramp et du Toto, mais mon tube \u00e0 moi <del>tr\u00e8s myst\u00e9rieux<\/del> s&#8217;intitulait <em>&#8220;Et si c&#8217;\u00e9tait toi ?&#8221;<\/em> J&#8217;en ai m\u00eame \u00e9crit une version en italien, c&#8217;\u00e9tait &#8220;classe&#8221; <em>(expression des ann\u00e9es 80 NDLR)<\/em>. C&#8217;\u00e9tait surtout <del>c\u00e2lin<\/del> latin. J&#8217;ose vous livrer la fin du refrain : <em>&#8220;Ho bisogno di una ragazza \/ Di te per la mia vita&#8221;<\/em>&#8230;<\/p>\n<p>Svp, on ne riz pas**** \ud83d\ude09 <strong>JMP<\/strong><\/p>\n<p>&nbsp;<\/p>\n<p><em>* &#8220;\u00catre heureux demande du travail et de l&#8217;intelligence&#8221;<\/em> aurait dit Michel de Montaigne, pas Marion Montaigne (<em>&#8220;Nos Mondes Perdus&#8221;<\/em> sorti fin 2023)<br \/>\n** La notori\u00e9t\u00e9 : <em>&#8220;&#8216;amour de l&#8217;autre qui ne te connait pas&#8221;<\/em> dit-elle.<br \/>\n*** Jean-Mi(chel Jarre) bien s\u00fbr ; je venais de d\u00e9couvrir <em>&#8220;Oxyg\u00e8ne&#8221;<\/em> : \u00e9bahi que j&#8217;\u00e9tais \ud83d\ude09<br \/>\n**** <em>&#8220;Made in Tokyo&#8221;<\/em> l&#8217;ampli, il venait d&#8217;Asie j&#8217;vous dis (le pays du riz) \ud83d\ude09<\/p>\n","protected":false},"featured_media":5297,"template":"","themes":[38,37,36],"class_list":["post-5296","blog","type-blog","status-publish","has-post-thumbnail","hentry","themes-confiance","themes-test2","themes-test1"],"acf":[],"aioseo_notices":[],"_links":{"self":[{"href":"https:\/\/jmponcet.fr\/nov-apijson\/wp\/v2\/blog\/5296","targetHints":{"allow":["GET"]}}],"collection":[{"href":"https:\/\/jmponcet.fr\/nov-apijson\/wp\/v2\/blog"}],"about":[{"href":"https:\/\/jmponcet.fr\/nov-apijson\/wp\/v2\/types\/blog"}],"version-history":[{"count":2,"href":"https:\/\/jmponcet.fr\/nov-apijson\/wp\/v2\/blog\/5296\/revisions"}],"predecessor-version":[{"id":5299,"href":"https:\/\/jmponcet.fr\/nov-apijson\/wp\/v2\/blog\/5296\/revisions\/5299"}],"wp:featuredmedia":[{"embeddable":true,"href":"https:\/\/jmponcet.fr\/nov-apijson\/wp\/v2\/media\/5297"}],"wp:attachment":[{"href":"https:\/\/jmponcet.fr\/nov-apijson\/wp\/v2\/media?parent=5296"}],"wp:term":[{"taxonomy":"themes","embeddable":true,"href":"https:\/\/jmponcet.fr\/nov-apijson\/wp\/v2\/themes?post=5296"}],"curies":[{"name":"wp","href":"https:\/\/api.w.org\/{rel}","templated":true}]}}