{"id":5243,"date":"2024-01-18T18:59:29","date_gmt":"2024-01-18T17:59:29","guid":{"rendered":"https:\/\/jmponcet.fr\/?post_type=blog&#038;p=5243"},"modified":"2024-08-02T16:03:58","modified_gmt":"2024-08-02T14:03:58","slug":"le-regard-du-coach-motard","status":"publish","type":"blog","link":"https:\/\/jmponcet.fr\/blog\/le-regard-du-coach-motard\/","title":{"rendered":"Le regard du Coach Motard\u00ae"},"content":{"rendered":"\t\t<div data-elementor-type=\"wp-post\" data-elementor-id=\"5243\" class=\"elementor elementor-5243\" data-elementor-settings=\"[]\">\n\t\t\t\t\t\t<div class=\"elementor-inner\">\n\t\t\t\t\t\t\t<div class=\"elementor-section-wrap\">\n\t\t\t\t\t\t\t<section class=\"elementor-section elementor-top-section elementor-element elementor-element-4c9a8dc elementor-section-boxed elementor-section-height-default elementor-section-height-default\" data-id=\"4c9a8dc\" data-element_type=\"section\">\n\t\t\t\t\t\t<div class=\"elementor-container elementor-column-gap-default\">\n\t\t\t\t\t\t\t<div class=\"elementor-row\">\n\t\t\t\t\t<div class=\"elementor-column elementor-col-100 elementor-top-column elementor-element elementor-element-748f1c45\" data-id=\"748f1c45\" data-element_type=\"column\">\n\t\t\t<div class=\"elementor-column-wrap elementor-element-populated\">\n\t\t\t\t\t\t\t<div class=\"elementor-widget-wrap\">\n\t\t\t\t\t\t<div class=\"elementor-element elementor-element-183ce036 elementor-widget elementor-widget-text-editor\" data-id=\"183ce036\" data-element_type=\"widget\" data-widget_type=\"text-editor.default\">\n\t\t\t\t<div class=\"elementor-widget-container\">\n\t\t\t\t\t\t\t\t<div class=\"elementor-text-editor elementor-clearfix\">\n\t\t\t\t<p>[Po\u00e8mes \u00e0 la <del>flamme<\/del> flemme]\u00a0<\/p><p><strong>Chronique Terrienne n\u00b0 245\u00a0 <\/strong>N\u00e9gociant en virages, je suis connu comme Le Coach Motard ! <em>&#8220;On peut dans la vie aller sans envie \/ Vers le jour qui suit \/ Ou vers la nuit.&#8221;<\/em>*<\/p><p>Cr\u00e9\u00e9e en 2019, <strong>la journ\u00e9e mondiale de la sensibilit\u00e9<\/strong>** (le 13 janvier dernier) a un instigateur : Saverio Tomasella, le psychanalyste qui a \u00e9crit en 2012 <em>&#8220;Trop sensibles pour \u00eatre heureux&#8221;<\/em>, un livre qui nous a bien parl\u00e9 en famille ! Il a m\u00eame fond\u00e9 &#8220;L&#8217; observatoire de la sensibilit\u00e9&#8221; en 2016. <strong>Il d\u00e9fend comme moi l&#8217;id\u00e9e que chacun a la possibilit\u00e9 d&#8217;en faire un <\/strong><del>m<\/del><strong>atout \ud83d\ude09<\/strong><\/p><p><strong>Praticien CNV (que j&#8217;appelle \u00e9galement &#8220;communication consciente et bienveillante&#8221;), j&#8217;aide mes coach\u00e9s dans la d\u00e9tection de leurs ressentis et le d\u00e9veloppement de leur intelligence \u00e9motionnelle depuis 15 ans.<\/strong> C&#8217;est notamment ce que sous-entend mon claim en Outplacement : &#8220;la transition bonifiante\u00ae&#8221;.<\/p><p><em>&#8220;Les Fleurs du mal, c&#8217;est monumental, mais moi aussi, je suis sentimental&#8221;&#8230;<\/em>*<br \/>Je vous propose ici <strong>six petits po\u00e8mes<\/strong>****, tels des &#8220;ha\u00efkus&#8221;*** qui riment en pagaille.<br \/>Soyez indulgents, <del>sensible<\/del> je ne suis qu&#8217;au d\u00e9but de ma vie de po\u00e8te \ud83d\ude09 <strong>JMP<\/strong><\/p><p><em>\u00a0<\/em><\/p><p><em>* Cf. Souchon &amp; Voulzy (&#8220;Ouvert la nuit&#8221;, &#8220;Les fleurs du bal&#8221;)<\/em><\/p><p><em>** Citons aussi la journ\u00e9e internationale de la non-violence (2 octobre) et l&#8217;anniversaire de la naissance de Marshall B. Rosenberg (6 octobre), le g\u00e9nial inventeur de la CNV (Communication NonViolente).<\/em><\/p><p><em>*** Ha\u00efkus : tr\u00e8s courts po\u00e8mes d&#8217;origine japonaise c\u00e9l\u00e9brant l&#8217;\u00e9vanescence des choses et les sensations qu&#8217;elles suscitent.<\/em><\/p><p><em>****<strong>Six petits po\u00e8mes<\/strong> (si petit boh\u00e8me) :<\/em><\/p><p><strong>\u201cPo\u00e8me \u00e0 neuf pieds (bott\u00e9s)\u201d 2024<\/strong><br \/>Aujourd\u2019hui, j\u2019ai mang\u00e9 plut\u00f4t t\u00f4t,<br \/>parce qu\u2019apr\u00e8s, j\u2019ai rang\u00e9 la moto.<br \/>Confetti, alors qu\u2019en fais-tu ?<br \/>Farfadet, et dehors o\u00f9 vas-tu ?<br \/>Ducati, du quartier t\u2019es partie.<\/p><p><strong>\u201cSon diabolo\u201d 2024<\/strong><br \/>Elle aime bien les chansons de Calo<br \/>Elle aime bien les balades \u00e0 moto<br \/>Je suis son ami son gigolo<br \/>Je suis son mari son intello<br \/>Elle appr\u00e9cia bien les sacs \u00e0 dos<br \/>Elle mangera jamais d\u2019escargot<br \/>Je suis son alpin son expresso<br \/>Je suis son copain son diabolo !<\/p><p><strong>&#8220;Le corps beau et le Motard&#8221;* 2023<\/strong><br \/>Pour garder ton corps beau, retarde les rides, celles qui volent ta jeunesse.<br \/>Pour voler comme un oiseau, fends l\u2019air torride, garde bien ta finesse.<br \/>Pour manger sans devenir gros, d\u00e9cide de ne pas en faire tout un fromage.<br \/>Pour bien vieillir sur <del>un plateau<\/del> ta moto, sois solide et reste f\u00fbt\u00e9 comme un renard.<\/p><p><em>*Jean(-M. P.) de (pr\u00e8s de) Fontaine (38)<\/em> \ud83d\ude09<\/p><p><strong>\u201cViva Avila\u201d 2022<\/strong><br \/>De retour d\u2019Avila, je vole sur Iberia,<br \/>Je suis le c\u0153ur l\u00e9ger, le ciel m\u2019est apport\u00e9,<br \/>Tol\u00e8de et Salamanque, un seul \u00eatre vous manque,<br \/>Quand il nous faut l\u2019Amour, Il est l\u00e0 pour toujours.<\/p><p><strong>\u201cLa route entre les sapins\u201d 2022<\/strong><br \/>La route entre les sapins,<br \/>voil\u00e0 les Monts du Jura,<br \/>Morteau j\u2019y serai demain,<br \/>ce n\u2019est pas la premi\u00e8re fois,<br \/>que je fais la balade des copains.<br \/>Le Doubs, j\u2019en fais mon refrain.<\/p><p><strong>\u201cFranc sois\u201d 2022<\/strong><br \/>Hier mon cher Fran\u00e7ois,<br \/>Nous \u00e9changions nos peines,<br \/>Mais aussi nos joies,<br \/>Lucidement, sans haine.<br \/>J\u2019aime entendre ta voix.<br \/>Tu as cit\u00e9 ton amoureuse,<br \/>Je nous souhaite ma foi,<br \/>une vie plus harmonieuse.<\/p><p>\u00a9JMP LCM Le Coach Motard\u00ae (2022-2024)<\/p><hr \/>\t\t\t\t\t<\/div>\n\t\t\t\t\t\t<\/div>\n\t\t\t\t<\/div>\n\t\t\t\t\t\t<\/div>\n\t\t\t\t\t<\/div>\n\t\t<\/div>\n\t\t\t\t\t\t\t\t<\/div>\n\t\t\t\t\t<\/div>\n\t\t<\/section>\n\t\t\t\t\t\t<\/div>\n\t\t\t\t\t\t<\/div>\n\t\t\t\t\t<\/div>\n\t\t","protected":false},"featured_media":5244,"template":"","themes":[38,37,36],"class_list":["post-5243","blog","type-blog","status-publish","has-post-thumbnail","hentry","themes-confiance","themes-test2","themes-test1"],"acf":[],"aioseo_notices":[],"_links":{"self":[{"href":"https:\/\/jmponcet.fr\/nov-apijson\/wp\/v2\/blog\/5243","targetHints":{"allow":["GET"]}}],"collection":[{"href":"https:\/\/jmponcet.fr\/nov-apijson\/wp\/v2\/blog"}],"about":[{"href":"https:\/\/jmponcet.fr\/nov-apijson\/wp\/v2\/types\/blog"}],"version-history":[{"count":47,"href":"https:\/\/jmponcet.fr\/nov-apijson\/wp\/v2\/blog\/5243\/revisions"}],"predecessor-version":[{"id":5516,"href":"https:\/\/jmponcet.fr\/nov-apijson\/wp\/v2\/blog\/5243\/revisions\/5516"}],"wp:featuredmedia":[{"embeddable":true,"href":"https:\/\/jmponcet.fr\/nov-apijson\/wp\/v2\/media\/5244"}],"wp:attachment":[{"href":"https:\/\/jmponcet.fr\/nov-apijson\/wp\/v2\/media?parent=5243"}],"wp:term":[{"taxonomy":"themes","embeddable":true,"href":"https:\/\/jmponcet.fr\/nov-apijson\/wp\/v2\/themes?post=5243"}],"curies":[{"name":"wp","href":"https:\/\/api.w.org\/{rel}","templated":true}]}}