{"id":5112,"date":"2023-11-12T15:40:13","date_gmt":"2023-11-12T14:40:13","guid":{"rendered":"https:\/\/jmponcet.fr\/?post_type=blog&#038;p=5112"},"modified":"2023-11-15T18:48:29","modified_gmt":"2023-11-15T17:48:29","slug":"eclairage-sur-le-grand-age","status":"publish","type":"blog","link":"https:\/\/jmponcet.fr\/blog\/eclairage-sur-le-grand-age\/","title":{"rendered":"Eclairage sur le grand \u00e2ge"},"content":{"rendered":"\t\t<div data-elementor-type=\"wp-post\" data-elementor-id=\"5112\" class=\"elementor elementor-5112\" data-elementor-settings=\"[]\">\n\t\t\t\t\t\t<div class=\"elementor-inner\">\n\t\t\t\t\t\t\t<div class=\"elementor-section-wrap\">\n\t\t\t\t\t\t\t<section class=\"elementor-section elementor-top-section elementor-element elementor-element-6ec0e97e elementor-section-boxed elementor-section-height-default elementor-section-height-default\" data-id=\"6ec0e97e\" data-element_type=\"section\">\n\t\t\t\t\t\t<div class=\"elementor-container elementor-column-gap-default\">\n\t\t\t\t\t\t\t<div class=\"elementor-row\">\n\t\t\t\t\t<div class=\"elementor-column elementor-col-100 elementor-top-column elementor-element elementor-element-6d6e03b0\" data-id=\"6d6e03b0\" data-element_type=\"column\">\n\t\t\t<div class=\"elementor-column-wrap elementor-element-populated\">\n\t\t\t\t\t\t\t<div class=\"elementor-widget-wrap\">\n\t\t\t\t\t\t<div class=\"elementor-element elementor-element-52e52cfc elementor-widget elementor-widget-text-editor\" data-id=\"52e52cfc\" data-element_type=\"widget\" data-widget_type=\"text-editor.default\">\n\t\t\t\t<div class=\"elementor-widget-container\">\n\t\t\t\t\t\t\t\t<div class=\"elementor-text-editor elementor-clearfix\">\n\t\t\t\t<p><strong>Chronique Terrienne n\u00b0 238\u00a0 <\/strong>Il m&#8217;arrive aujourd&#8217;hui r\u00e9guli\u00e8rement de voir parmi les avis de d\u00e9c\u00e8s, des personnes partir \u00e0 95 ou 100 ans. Dans l&#8217;antiquit\u00e9 5 \u00e0 8 % des humains seulement atteignaient la soixantaine. Sous l&#8217;ancien r\u00e9gime, le taux de mortalit\u00e9 se situait \u00e0 40 pour 1000 et un enfant n&#8217;avait qu&#8217;une chance sur deux d&#8217;atteindre 5 ans. Aujourd&#8217;hui dans notre pays ce taux est environ 4 fois inf\u00e9rieur et la mortalit\u00e9 infantile n&#8217;est plus qu&#8217;un vieux mauvais souvenir. La mort \u00e9tait \u00e0 l&#8217;\u00e9poque omnipr\u00e9sente, famili\u00e8re ; nous sommes actuellement par contre dans <strong>la r\u00e9volution de la long\u00e9vit\u00e9.<\/strong><br \/>Nous en connaissons les raisons : les progr\u00e8s sanitaires et de la m\u00e9decine (eau potable, assainissement, vaccination, obst\u00e9trique, pasteurisme, m\u00e9dicaments, chirurgie, etc&#8230;). Il y a aussi l&#8217;alimentation et de l&#8217;\u00e9ducation, et puis le confort dont nous pouvons b\u00e9n\u00e9ficier dans nos vies (notamment professionnelles) aujourd\u2019hui. * Nombre d&#8217;octog\u00e9naires connus sont encore \u00e0 la barre de leur carri\u00e8re : Catherine Deneuve, Mick Jagger, Martin Scorsese ou Pierre Perret qui a 89 ans&#8230; Les artistes sont certainement plus verts que les autres mais que dire d&#8217;Edgar Morin, que je voyais encore cette semaine en interview TV \u00e0 102 ans. Il a d\u00e9clam\u00e9 un po\u00e8me, de mani\u00e8re improvis\u00e9e, une minute durant, sans aucune h\u00e9sitation ! Lui qui n&#8217;a pas eu une vie forc\u00e9ment facile pourtant, n&#8217;a aucun souci de m\u00e9moire.<\/p><p><strong>La question essentielle, nous le comprenons, est de savoir comment nous allons passer les ann\u00e9es entre la perte de mobilit\u00e9 voire d&#8217;autonomie, qui intervient souvent vers 85 ans, sans parler de la maladie. Oui, dans quelles conditions passons-nous nos fins de vies parfois tr\u00e8s longues ? Je constate autour de moi que ceux qui ressentent encore un bien vivre apr\u00e8s 80 ans sont ceux qui sont curieux, ouverts, qui lisent, ont des \u00e9changes avec autrui. Ils ont souvent \u00e9galement une vie int\u00e9rieure riche, qui les aide, bien que leur corps les l\u00e2che peu \u00e0 peu. Ils ont aussi d\u00e9velopp\u00e9 une dimension spirituelle. Avoir une vision positive de son \u00e2ge permettrait de gagner 7,5 ans de vie !<\/strong><\/p><p>Toujours chercher \u00e0 apprendre et faire des projets sont des clefs. S\u2019il y a aujourd&#8217;hui pour nombre de personnes de 80 ans une r\u00e9elle meilleure qualit\u00e9 de vie, qui n&#8217;existait pas il y a 40 ans, ce n&#8217;est pas le cas malheureusement pour tout le monde. Les cancers, maladies neuro-d\u00e9g\u00e9n\u00e9ratives et autres pluri-pathologies s&#8217;aggravent avec la vieillesse (ex. les probl\u00e8mes cardio-vasculaires + diab\u00e8te) d\u00e9ciment n\u00e9anmoins beaucoup d&#8217;imp\u00e9trants \u00e0 une longue et belle existence.<\/p><p>Mais le constat est n\u00e9anmoins plut\u00f4t positif : l&#8217;\u00e9tat de sant\u00e9 physique et moral des octog\u00e9naires a nettement progress\u00e9 ces derni\u00e8res ann\u00e9es, m\u00eame si l&#8217;iniquit\u00e9 par rapport \u00e0 l&#8217;\u00e2ge n&#8217;est pas un adage. Alors \u00e9vitons de parler trop vite de d\u00e9clin ou de naufrage. Mais sachons qu&#8217;aujourd&#8217;hui une personne sur quatre seulement meurt \u00e0 son domicile (le choix pourtant de la grande majorit\u00e9 de nos concitoyens), deux-tiers meurent sans la pr\u00e9sence d&#8217;un proche, et m\u00eame 11% totalement seuls. A m\u00e9diter pour anticiper le grand passage, m\u00eame si je crois comme Pr\u00e9vert que &#8220;la vie n&#8217;a pas d&#8217;\u00e2ge&#8221;. ** <strong>JMP<\/strong><\/p><p><em>* Nous n&#8217;en b\u00e9n\u00e9ficions pas encore tous, h\u00e9las. En France, les accidents du travail sont m\u00eame en hausse depuis plusieurs ann\u00e9es.<\/em><\/p><p>** <em><strong>La vie n&#8217;a pas d&#8217;\u00e2ge<\/strong> (de Jacques PREVERT)<\/em><br \/><em>La vraie jeunesse ne s&#8217;use pas,<\/em><br \/><em>On a beau l&#8217;appeler souvenir,<\/em><br \/><em>On a beau dire qu&#8217;elle dispara\u00eet,<\/em><br \/><em>On a beau dire et vouloir dire que tout s&#8217;en va,<\/em><br \/><em>Tout ce qui est vrai reste l\u00e0.<\/em><\/p><p><em><strong>Quelques chiffres significatifs pour notre pays<\/strong> <strong>:<\/strong><\/em><\/p><ul><li><em>L\u2019esp\u00e9rance de vie \u00e0 la naissance en 2022 est de 85,2 pour les femmes et 79,3 pour les hommes.<\/em><\/li><li><em>L\u2019esp\u00e9rance de vie \u00e0 80 ans est de 11,1 pour les femmes et de 9 ans pour les hommes (ces chiffres sont en augmentation).<\/em><\/li><li><em>L\u2019esp\u00e9rance de vie &#8220;en bonne sant\u00e9&#8221; d&#8217;un b\u00e9b\u00e9 qui na\u00eet aujourd&#8217;hui est par contre d&#8217;environ 64 ans !<\/em><\/li><li><em>Le nombre de Fran\u00e7ais de plus de 75 ans va passer de 9,4 millions en 2020 \u00e0 13,6 millions en 2035 (et 16 en 2050) !<\/em><\/li><li><em>L&#8217;\u00e2ge moyen d&#8217;entr\u00e9e en EHPAD recule : presque 86 ans en 2019 soit un an de plus qu&#8217;en 2011.<\/em><\/li><li><em>La moiti\u00e9 des r\u00e9sidents a plus de 88 ans (86 ans et 5 mois en 2011).<\/em><\/li><\/ul>\t\t\t\t\t<\/div>\n\t\t\t\t\t\t<\/div>\n\t\t\t\t<\/div>\n\t\t\t\t\t\t<\/div>\n\t\t\t\t\t<\/div>\n\t\t<\/div>\n\t\t\t\t\t\t\t\t<\/div>\n\t\t\t\t\t<\/div>\n\t\t<\/section>\n\t\t\t\t\t\t<\/div>\n\t\t\t\t\t\t<\/div>\n\t\t\t\t\t<\/div>\n\t\t","protected":false},"featured_media":5113,"template":"","themes":[38,37,36],"class_list":["post-5112","blog","type-blog","status-publish","has-post-thumbnail","hentry","themes-confiance","themes-test2","themes-test1"],"acf":[],"aioseo_notices":[],"_links":{"self":[{"href":"https:\/\/jmponcet.fr\/nov-apijson\/wp\/v2\/blog\/5112","targetHints":{"allow":["GET"]}}],"collection":[{"href":"https:\/\/jmponcet.fr\/nov-apijson\/wp\/v2\/blog"}],"about":[{"href":"https:\/\/jmponcet.fr\/nov-apijson\/wp\/v2\/types\/blog"}],"version-history":[{"count":12,"href":"https:\/\/jmponcet.fr\/nov-apijson\/wp\/v2\/blog\/5112\/revisions"}],"predecessor-version":[{"id":5125,"href":"https:\/\/jmponcet.fr\/nov-apijson\/wp\/v2\/blog\/5112\/revisions\/5125"}],"wp:featuredmedia":[{"embeddable":true,"href":"https:\/\/jmponcet.fr\/nov-apijson\/wp\/v2\/media\/5113"}],"wp:attachment":[{"href":"https:\/\/jmponcet.fr\/nov-apijson\/wp\/v2\/media?parent=5112"}],"wp:term":[{"taxonomy":"themes","embeddable":true,"href":"https:\/\/jmponcet.fr\/nov-apijson\/wp\/v2\/themes?post=5112"}],"curies":[{"name":"wp","href":"https:\/\/api.w.org\/{rel}","templated":true}]}}