{"id":4979,"date":"2023-09-28T19:07:04","date_gmt":"2023-09-28T17:07:04","guid":{"rendered":"https:\/\/jmponcet.fr\/?post_type=blog&#038;p=4979"},"modified":"2024-11-19T23:55:35","modified_gmt":"2024-11-19T22:55:35","slug":"bis","status":"publish","type":"blog","link":"https:\/\/jmponcet.fr\/blog\/bis\/","title":{"rendered":"Bis"},"content":{"rendered":"\t\t<div data-elementor-type=\"wp-post\" data-elementor-id=\"4979\" class=\"elementor elementor-4979\" data-elementor-settings=\"[]\">\n\t\t\t\t\t\t<div class=\"elementor-inner\">\n\t\t\t\t\t\t\t<div class=\"elementor-section-wrap\">\n\t\t\t\t\t\t\t<section class=\"elementor-section elementor-top-section elementor-element elementor-element-1e7a5f1c elementor-section-boxed elementor-section-height-default elementor-section-height-default\" data-id=\"1e7a5f1c\" data-element_type=\"section\">\n\t\t\t\t\t\t<div class=\"elementor-container elementor-column-gap-default\">\n\t\t\t\t\t\t\t<div class=\"elementor-row\">\n\t\t\t\t\t<div class=\"elementor-column elementor-col-100 elementor-top-column elementor-element elementor-element-618c521f\" data-id=\"618c521f\" data-element_type=\"column\">\n\t\t\t<div class=\"elementor-column-wrap elementor-element-populated\">\n\t\t\t\t\t\t\t<div class=\"elementor-widget-wrap\">\n\t\t\t\t\t\t<div class=\"elementor-element elementor-element-5d96c5ba elementor-widget elementor-widget-text-editor\" data-id=\"5d96c5ba\" data-element_type=\"widget\" data-widget_type=\"text-editor.default\">\n\t\t\t\t<div class=\"elementor-widget-container\">\n\t\t\t\t\t\t\t\t<div class=\"elementor-text-editor elementor-clearfix\">\n\t\t\t\t<p><strong>Ma Chronique Terrienne n\u00b0 234<\/strong>\u00a0 Un Jean-Michel peut en cacher un autre. Celui que j&#8217;ai applaudi hier soir au caf\u00e9-th\u00e9\u00e2tre a de nombreux points commun avec moi, au-del\u00e0 de partager le m\u00eame pr\u00e9nom* (dont il se moque d&#8217;ailleurs un peu en d\u00e9but de son spectacle). Nous allons y venir, mais laissez-moi avant tout vous dire qu&#8217;avec pr\u00e8s d&#8217;une heure et demi d&#8217;anecdotes comportant 200 kakemphatons, paronomases et autres calembours, le one-man-show de ce &#8220;jeune humoriste&#8221; vous fera passer un vrai bon moment ! <em>&#8220;Si la gestion est son destin, l&#8217;indigestion g\u00e8ne son intestin&#8221;<\/em> \ud83d\ude09 Evidemment il conviendra d&#8217;\u00eatre attentif si vous vous retrouvez un soir dans la salle, tant la gymnastique intellectuelle est dense, et en plus il faut b\u00e9n\u00e9ficier d&#8217;une culture \u00e9largie \u00e0 tous les sujets, de la vie en g\u00e9n\u00e9ral mais surtout du monde de l&#8217;entreprise dont il est issu.<\/p><p><strong>Bref, Jean-Michel est atteint, comme moi, de la grave maladie de Witzelsucht : le mal aigu des jeux de mots.<\/strong> <strong>Et si nos interlocuteurs n&#8217;ont pas acc\u00e8s au second degr\u00e9, c&#8217;est dur pour nous de nous faire accepter !<\/strong><\/p><p><strong>Le fil rouge de <em>&#8220;Changement de Vie (In)volontaire&#8221;<\/em>** est finalement mon m\u00e9tier depuis 15 ans : Jean-Michel RALLET \ud83d\ude09 sur son exp\u00e9rience personnelle en abordant nombre de sujets de notre \u00e9poque et notamment la reconversion (80% des fran\u00e7ais veulent changer de vie).<\/strong><\/p><p>JMR l&#8217;a fait, lui, autour de la cinquantaine, involontairement au d\u00e9part, trahi par son &#8220;Judas d&#8217;associ\u00e9&#8221; alors qu&#8217;il connaissait la r\u00e9ussite entrepreneuriale (ce qui me rappelle un souvenir de ma quarantaine \u00e0 moi). <em>&#8220;Pour changer de vie, il suffit d&#8217;un choix, parfois, faut fuir les grandes villes o\u00f9 personne ne vit la joie !&#8221;<\/em> (Nekfeu)<\/p><p>Parce que j&#8217;aurais bien aim\u00e9 accompagner ce Jean-Michel l\u00e0 en Outplacement, je riais aussi des r\u00e9f\u00e9rences communes et autres hasards de la vie en l&#8217;\u00e9coutant. Le brin de folie qui permet de ne pas se prendre au s\u00e9rieux, d&#8217;oser, de rire de nous-m\u00eame et du non-sens qui nous entoure est tr\u00e8s agr\u00e9able. Je suis ravi d&#8217;avoir ainsi d\u00e9couvert ce mois-ci (via LinkedIn d&#8217;ailleurs) <em>&#8220;un esth\u00e8te de la blagounette qui chasse les jeux de mots comme un jeu de cache-cache lexical&#8221;.<\/em> Parce que ce show est singulier, se terminant sur une chansonnette \u00e9mouvante que le public reprend en c\u0153ur, je ne dirais plus qu&#8217;un seul mot \u00e0 ce &#8220;jeune humoriste encore inconnu&#8221; afin de lui rendre justice : &#8220;bis&#8221; ! <strong>JMP<\/strong><\/p><p>* <em><strong>Jean-Michel est un pr\u00e9nom rare, qui a connu ses heures de gloire en France entre 1950 et 1980 environ<\/strong>, et n&#8217;est plus donn\u00e9 depuis les ann\u00e9es 90 :<\/em> <a href=\"https:\/\/www.prenoms.com\/prenom-garcon\/jean-michel-5826#cote\" title=\"Jean-Michel ann\u00e9es apr\u00e8s ann\u00e9es\" target=\"_blank\" rel=\"noopener\">https:\/\/www.prenoms.com\/prenom-garcon\/jean-michel-5826#cote<\/a><\/p><p><em>L&#8217;\u00e2ge moyen des personnes ayant comme pr\u00e9nom Jean-Michel est de 61 ans : je suis donc LE repr\u00e9sentant &#8220;parfait&#8221; de ce joli pr\u00e9nom \ud83d\ude09 Quand depuis quelques ann\u00e9es des parents recherchent des pr\u00e9noms exotiques, quitte \u00e0 les inventer de toutes pi\u00e8ces, mes parents ne sont pas all\u00e9s chercher tr\u00e8s loin \ud83d\ude09 Mon Parrain s&#8217;appelle Jean et mon P\u00e8re Michel !<\/em><\/p><p><em>Quelques Jean-Mi Fran\u00e7ais c\u00e9l\u00e8bres :<\/em><br \/><em>Jean-Michel BAYLE : Moto, <\/em><em>Jean-Michel DI FALCO : Ev\u00eaque, <\/em><em>Jean-Michel FOLON : Peintre, <\/em><em>Jean-Michel JARRE : Musicien, <\/em><em>Jean-Michel LARQUE : footballeur, <\/em><em>Jean-Michel LEULLIOT : journaliste, <\/em><em>Jean-Michel RIBES : auteur\/r\u00e9alisateur, <\/em><em>Jean-Michel PAPLEUX : agriculteur Conventionnel (mais pas tant que \u00e7a ;-), <\/em><em>Jean-Michel PONCET alors Jean-Michel RALLET \ud83d\ude09<\/em><\/p><p>** <strong><em>Jean-Michel RALLET : &#8220;Changement de Vie (In)volontaire -CVI-&#8220;<\/em> <\/strong><a href=\"https:\/\/www.c2vie.com\/\" title=\"CVI le spectacle de JM Rallet\" target=\"_blank\" rel=\"noopener\">https:\/\/www.c2vie.com\/<\/a><\/p><p><em>Le post\u00a0 LinkedIn de JMR sur JMP suite \u00e0 son passage \u00e0 Grenoble <a href=\"https:\/\/www.linkedin.com\/feed\/update\/urn:li:activity:7113460495256293376\/\" target=\"_blank\" title=\"Post In\" rel=\"noopener\">ici<\/a> !\u00a0<\/em><\/p>\t\t\t\t\t<\/div>\n\t\t\t\t\t\t<\/div>\n\t\t\t\t<\/div>\n\t\t\t\t\t\t<\/div>\n\t\t\t\t\t<\/div>\n\t\t<\/div>\n\t\t\t\t\t\t\t\t<\/div>\n\t\t\t\t\t<\/div>\n\t\t<\/section>\n\t\t\t\t\t\t<\/div>\n\t\t\t\t\t\t<\/div>\n\t\t\t\t\t<\/div>\n\t\t","protected":false},"featured_media":5689,"template":"","themes":[39,41,36],"class_list":["post-4979","blog","type-blog","status-publish","has-post-thumbnail","hentry","themes-changement","themes-emploi","themes-test1"],"acf":[],"aioseo_notices":[],"_links":{"self":[{"href":"https:\/\/jmponcet.fr\/nov-apijson\/wp\/v2\/blog\/4979","targetHints":{"allow":["GET"]}}],"collection":[{"href":"https:\/\/jmponcet.fr\/nov-apijson\/wp\/v2\/blog"}],"about":[{"href":"https:\/\/jmponcet.fr\/nov-apijson\/wp\/v2\/types\/blog"}],"version-history":[{"count":29,"href":"https:\/\/jmponcet.fr\/nov-apijson\/wp\/v2\/blog\/4979\/revisions"}],"predecessor-version":[{"id":5692,"href":"https:\/\/jmponcet.fr\/nov-apijson\/wp\/v2\/blog\/4979\/revisions\/5692"}],"wp:featuredmedia":[{"embeddable":true,"href":"https:\/\/jmponcet.fr\/nov-apijson\/wp\/v2\/media\/5689"}],"wp:attachment":[{"href":"https:\/\/jmponcet.fr\/nov-apijson\/wp\/v2\/media?parent=4979"}],"wp:term":[{"taxonomy":"themes","embeddable":true,"href":"https:\/\/jmponcet.fr\/nov-apijson\/wp\/v2\/themes?post=4979"}],"curies":[{"name":"wp","href":"https:\/\/api.w.org\/{rel}","templated":true}]}}