{"id":4930,"date":"2023-08-22T19:45:05","date_gmt":"2023-08-22T17:45:05","guid":{"rendered":"https:\/\/jmponcet.fr\/?post_type=blog&#038;p=4930"},"modified":"2023-08-22T19:59:31","modified_gmt":"2023-08-22T17:59:31","slug":"gratitude-magnitude","status":"publish","type":"blog","link":"https:\/\/jmponcet.fr\/blog\/gratitude-magnitude\/","title":{"rendered":"Gratitude, magnitude"},"content":{"rendered":"\t\t<div data-elementor-type=\"wp-post\" data-elementor-id=\"4930\" class=\"elementor elementor-4930\" data-elementor-settings=\"[]\">\n\t\t\t\t\t\t<div class=\"elementor-inner\">\n\t\t\t\t\t\t\t<div class=\"elementor-section-wrap\">\n\t\t\t\t\t\t\t<section class=\"elementor-section elementor-top-section elementor-element elementor-element-767dbc9c elementor-section-boxed elementor-section-height-default elementor-section-height-default\" data-id=\"767dbc9c\" data-element_type=\"section\">\n\t\t\t\t\t\t<div class=\"elementor-container elementor-column-gap-default\">\n\t\t\t\t\t\t\t<div class=\"elementor-row\">\n\t\t\t\t\t<div class=\"elementor-column elementor-col-100 elementor-top-column elementor-element elementor-element-ce2f556\" data-id=\"ce2f556\" data-element_type=\"column\">\n\t\t\t<div class=\"elementor-column-wrap elementor-element-populated\">\n\t\t\t\t\t\t\t<div class=\"elementor-widget-wrap\">\n\t\t\t\t\t\t<div class=\"elementor-element elementor-element-410814db elementor-widget elementor-widget-text-editor\" data-id=\"410814db\" data-element_type=\"widget\" data-widget_type=\"text-editor.default\">\n\t\t\t\t<div class=\"elementor-widget-container\">\n\t\t\t\t\t\t\t\t<div class=\"elementor-text-editor elementor-clearfix\">\n\t\t\t\t<p><strong>Chronique Terrienne n\u00b0 232\u00a0 <\/strong>Bien que la d\u00e9finition d&#8217;une causette soit &#8220;une conversation mis\u00e9rable&#8221; selon le Dico de Baffie (et non de Hugo !), je frappe aujourd&#8217;hui sur mon clavier (un clavier azerty en vaut deux, n&#8217;est-ce pas ?!) pour vous parler un peu de la gratitude. Car \u00eatre heureux d&#8217;un rien, vaut mieux que d&#8217;avoir tout pour \u00eatre heureux, non ? Et donc, pour \u00e9voquer cette petite vertu, mieux vaut \u00eatre plusieurs. <strong>Je convoque ici Carlo Ossola, auteur r\u00e9cent de &#8220;La Vie simple&#8221;*. Pas si simple de simplifier nos d\u00e9sirs ; plus difficile que de les accro\u00eetre !<\/strong><\/p><p>En effet &#8220;II est frappant, dans notre \u00e9poque si gourmande de vices, que le Professeur Ossola se soit attach\u00e9 \u00e0 recenser des vertus. Et non pas les plus grandes, les plus sonnantes &#8211; la force, la prudence, la justice, la temp\u00e9rance, souvent repr\u00e9sent\u00e9es casqu\u00e9es, pr\u00eates pour le combat -, mais les plus petites, faites non pour la guerre mais pour la paix.&#8221; (Le Point &#8211; 10\/07\/2023) &#8220;Nous sommes actuellement dans une condition de d\u00e9tresse profonde dans notre vie personnelle et sociale&#8221; dit Ossola, avec la guerre en Europe, apr\u00e8s l&#8217;\u00e9pid\u00e9mie de Covid.<\/p><p><strong>La paix est une attitude pr\u00e9alable envers tous les hommes. On songe \u00e0 Gandhi et Martin Luther King.<\/strong> Je remercie ainsi la CNV** avec Marshall et Thomas mais surtout les personnes qui m&#8217;ont guid\u00e9 sur cette voie : Nadine, Guillaume, puis Fran\u00e7oise, Eliane, et encore Isabelle etc&#8230;<strong> &#8220;La violence \u00e9tant le dernier refuge des incomp\u00e9tents&#8221; (Isaac Asimov), il nous est demand\u00e9, chacun, de nous former afin de faire (re)na\u00eetre la paix dans nos c\u0153urs.<\/strong><\/p><p><strong>Parmi les 24 vertus (12 pour soi et 12 pour les autres) analys\u00e9es dans cet ouvrage de 144 pages j&#8217;aime la discr\u00e9tion, la cordialit\u00e9, la constance, la pr\u00e9venance, le tact&#8230; Mais la gratitude, l&#8217;humble r\u00e9ception de ce qui est donn\u00e9 gratuitement, en est peut-\u00eatre la plus belle.<\/strong> Disposition de l&#8217;\u00e2me que fait entendre le mot &#8220;merci&#8221; en portugais : &#8220;obrigado&#8221; -&#8220;je suis votre oblig\u00e9&#8221;-. &#8220;Parce que la gratitude nous aide \u00e0 aller vers l&#8217;avenir, en remerciant d\u00e8s aujourd&#8217;hui le ciel, la terre et les autres hommes de ce que l&#8217;on a d\u00e9j\u00e0 re\u00e7u, c&#8217;est un &#8220;oui&#8221; \u00e0 la vie.&#8221; Je bois ce propos de S\u00e9bastien Lapaque dans &#8220;Le Postillon&#8221;. &#8220;La vertu d&#8217;un homme ne se doit pas mesurer par ses efforts, mais par ce qu&#8217;il fait d&#8217;ordinaire&#8221; a dit Blaise Pascal. Bref, accueillir &#8220;le propre&#8221; de notre agir ! <strong>JMP<\/strong><\/p><p><\/p><p><em>*<strong>Carlo Ossola<\/strong> est professeur au Coll\u00e8ge de France, chaire de &#8220;Litt\u00e9ratures modernes de l\u2019Europe n\u00e9olatine&#8221;. Parmi ses livres r\u00e9cents : Fables d\u2019identit\u00e9, pour retrouver l\u2019Europe (2018) ; L\u2019Automne de la Renaissance (Les Belles Lettres, 2018) et Les Vertus communes (Les Belles Lettres, 2019).<\/em><br \/><em><strong>&#8220;La Vie simple&#8221;<\/strong> (les vertus minimes et communes) de Carlo Ossola est paru en avril 2023.<\/em><br \/><em>Editions Les Belles Lettres &#8211; Traduit de l\u2019italien par Lucien d\u2019Azay et Olivier Chiquet\u00a0<\/em><\/p><p><em>**<strong>la CNV<\/strong> (Communication Non Violente) est une approche qui permet d&#8217;aborder, de compl\u00e9ter le travail sur l&#8217;intelligence \u00e9motionnelle. La CNV voit les \u00e9motions comme un chemin privil\u00e9gi\u00e9 pour \u00e9couter nos besoins fondamentaux, nos aspirations profondes et \u00e9tablir une relation de coop\u00e9ration durable avec les autres.<\/em><\/p><p><a href=\"https:\/\/jmponcet.fr\/blog\/ces-mots-qui-liberent\/\" target=\"_blank\" rel=\"noopener\">https:\/\/jmponcet.fr\/blog\/ces-mots-qui-liberent\/<\/a><br \/><a href=\"http:\/\/accelerateur-de-croissance.blogspot.fr\/2013\/05\/cnv-toi-meme.html\" target=\"_blank\" rel=\"noopener\">http:\/\/accelerateur-de-croissance.blogspot.fr\/2013\/05\/cnv-toi-meme.html<\/a><\/p><p><a href=\"https:\/\/jmponcet.fr\/2022\/04\/25\/la-temperance\/\" target=\"_blank\" rel=\"noopener\">https:\/\/jmponcet.fr\/2022\/04\/25\/la-temperance\/<\/a><br \/><a href=\"https:\/\/jmponcet.fr\/blog\/la-douceur-au-revelateur\/\" target=\"_blank\" rel=\"noopener\">https:\/\/jmponcet.fr\/blog\/la-douceur-au-revelateur\/<\/a><\/p><p><a href=\"http:\/\/accelerateur-de-croissance.blogspot.com\/2020\/06\/faire-de-la-gratitude-une-habitude.html\" target=\"_blank\" rel=\"noopener\">http:\/\/accelerateur-de-croissance.blogspot.com\/2020\/06\/faire-de-la-gratitude-une-habitude.html<\/a><br \/><a href=\"http:\/\/accelerateur-de-croissance.blogspot.com\/2020\/11\/ingrat-tu-ne-seras-pas.html\" target=\"_blank\" rel=\"noopener\">http:\/\/accelerateur-de-croissance.blogspot.com\/2020\/11\/ingrat-tu-ne-seras-pas.html<\/a><\/p>\t\t\t\t\t<\/div>\n\t\t\t\t\t\t<\/div>\n\t\t\t\t<\/div>\n\t\t\t\t\t\t<\/div>\n\t\t\t\t\t<\/div>\n\t\t<\/div>\n\t\t\t\t\t\t\t\t<\/div>\n\t\t\t\t\t<\/div>\n\t\t<\/section>\n\t\t\t\t\t\t<\/div>\n\t\t\t\t\t\t<\/div>\n\t\t\t\t\t<\/div>\n\t\t","protected":false},"featured_media":4933,"template":"","themes":[39,38,37],"class_list":["post-4930","blog","type-blog","status-publish","has-post-thumbnail","hentry","themes-changement","themes-confiance","themes-test2"],"acf":[],"aioseo_notices":[],"_links":{"self":[{"href":"https:\/\/jmponcet.fr\/nov-apijson\/wp\/v2\/blog\/4930","targetHints":{"allow":["GET"]}}],"collection":[{"href":"https:\/\/jmponcet.fr\/nov-apijson\/wp\/v2\/blog"}],"about":[{"href":"https:\/\/jmponcet.fr\/nov-apijson\/wp\/v2\/types\/blog"}],"version-history":[{"count":7,"href":"https:\/\/jmponcet.fr\/nov-apijson\/wp\/v2\/blog\/4930\/revisions"}],"predecessor-version":[{"id":4940,"href":"https:\/\/jmponcet.fr\/nov-apijson\/wp\/v2\/blog\/4930\/revisions\/4940"}],"wp:featuredmedia":[{"embeddable":true,"href":"https:\/\/jmponcet.fr\/nov-apijson\/wp\/v2\/media\/4933"}],"wp:attachment":[{"href":"https:\/\/jmponcet.fr\/nov-apijson\/wp\/v2\/media?parent=4930"}],"wp:term":[{"taxonomy":"themes","embeddable":true,"href":"https:\/\/jmponcet.fr\/nov-apijson\/wp\/v2\/themes?post=4930"}],"curies":[{"name":"wp","href":"https:\/\/api.w.org\/{rel}","templated":true}]}}