{"id":4835,"date":"2023-06-04T16:58:10","date_gmt":"2023-06-04T14:58:10","guid":{"rendered":"https:\/\/jmponcet.fr\/?post_type=blog&#038;p=4835"},"modified":"2023-09-30T22:37:52","modified_gmt":"2023-09-30T20:37:52","slug":"enferme-dans-ma-tour","status":"publish","type":"blog","link":"https:\/\/jmponcet.fr\/blog\/enferme-dans-ma-tour\/","title":{"rendered":"Enferm\u00e9 dans ma tour"},"content":{"rendered":"\t\t<div data-elementor-type=\"wp-post\" data-elementor-id=\"4835\" class=\"elementor elementor-4835\" data-elementor-settings=\"[]\">\n\t\t\t\t\t\t<div class=\"elementor-inner\">\n\t\t\t\t\t\t\t<div class=\"elementor-section-wrap\">\n\t\t\t\t\t\t\t<section class=\"elementor-section elementor-top-section elementor-element elementor-element-63fde998 elementor-section-boxed elementor-section-height-default elementor-section-height-default\" data-id=\"63fde998\" data-element_type=\"section\">\n\t\t\t\t\t\t<div class=\"elementor-container elementor-column-gap-default\">\n\t\t\t\t\t\t\t<div class=\"elementor-row\">\n\t\t\t\t\t<div class=\"elementor-column elementor-col-100 elementor-top-column elementor-element elementor-element-3ced6017\" data-id=\"3ced6017\" data-element_type=\"column\">\n\t\t\t<div class=\"elementor-column-wrap elementor-element-populated\">\n\t\t\t\t\t\t\t<div class=\"elementor-widget-wrap\">\n\t\t\t\t\t\t<div class=\"elementor-element elementor-element-1fb0e6fa elementor-widget elementor-widget-text-editor\" data-id=\"1fb0e6fa\" data-element_type=\"widget\" data-widget_type=\"text-editor.default\">\n\t\t\t\t<div class=\"elementor-widget-container\">\n\t\t\t\t\t\t\t\t<div class=\"elementor-text-editor elementor-clearfix\">\n\t\t\t\t<p><strong>Chronique Terrienne n\u00b0 226<\/strong> Rencontrez-vous parfois ou plus r\u00e9guli\u00e8rement des personnes &#8220;ferm\u00e9es&#8221; ? Leur manque d&#8217;ouverture &#8220;saute vite aux yeux&#8221;, comme si elles avaient des \u0153ill\u00e8res (accessoire permettant aux chevaux d&#8217;\u00eatre &#8220;focus&#8221; sur le chemin tout doit devant eux). Je suis le lien que je tisse avec les autres et l&#8217;ouverture d&#8217;esprit est le grand multiplicateur des relations humaines. <em>&#8220;Chaque homme dans sa nuit s&#8217;en va vers sa lumi\u00e8re&#8221;<\/em> \u00e9crivait Victor Hugo. Encore faut-il faire, tant soit peu, preuve de curiosit\u00e9. <em>&#8220;L&#8217;homme est ce qu&#8217;il fait&#8221;<\/em> affirmait Andr\u00e9 Malraux. Un peu de courage est aussi n\u00e9cessaire pour sortir de sa &#8220;zone de confort&#8221;, qui s\u00e9curise*.<\/p><p><strong>L&#8217;ignorance n&#8217;est pas le vrai probl\u00e8me, la c\u00e9cit\u00e9 volontaire, le voil\u00e0 le vrai probl\u00e8me ! Et ce qui me d\u00e9plais c&#8217;est qu&#8217;on juge et on critique alors que l&#8217;on m\u00e9connait souvent totalement le sujet. On ne prend surtout pas le temps d&#8217;explorer la question, de se renseigner de sources vari\u00e9es, avant d&#8217;\u00e9noncer haut et fort son avis (vous devez m\u00eame parfois tomber, comme moi, sur des personnes qui ont un avis sur tout !)<\/strong><br \/>Chacun construit sa r\u00e9alit\u00e9** (au gr\u00e9 de ses biais cognitifs d&#8217;ailleurs). Au XXI\u00e8me si\u00e8cle, certains ne semblent encore pas le savoir. Ils ont pourtant fait des \u00e9tudes, ils sont &#8220;intelligents&#8221;. Mais sur certains sujets, ils sont &#8220;born\u00e9s&#8221;.<br \/>Osons parler de ce qui fait mal de mani\u00e8re paisible et respectueuse d&#8217;autrui. Cela nous aidera \u00e0 rep\u00e9rer quels sont les v\u00e9ritables enjeux. Plut\u00f4t que de sur-r\u00e9agir en fonction de nos \u00e9motions (souvent nos peurs), au risque de se situer rapidement dans les extr\u00eames (qui sont forc\u00e9ment dangereux), prenons le recul n\u00e9cessaire \u00e0 l&#8217;analyse de la complexit\u00e9 du sujet.<strong> Faisons preuve d&#8217;honn\u00eatet\u00e9 intellectuelle en cherchant les faits derri\u00e8res les opinions. Accueillons nos \u00e9motions, elles nous parlent de nos besoins \u00e0 chacun (un peu d&#8217;introspection fait gagner en maturit\u00e9). Tout est devenu complexe dans notre monde d&#8217;aujourd&#8217;hui. Entre le blanc et le noir, il existe toute une nuance de gris.<\/strong> <em>&#8220;Il est aussi noble de tendre \u00e0 l&#8217;\u00e9quilibre qu&#8217;\u00e0 la perfection ; car c&#8217;est une perfection de garder l&#8217;\u00e9quilibre&#8221;<\/em> disait Jean Grenier.<br \/>Nous pourrions encore parler de paresse, d&#8217;ent\u00eatement mais aussi de pr\u00e9jug\u00e9s et de fragilit\u00e9s, mais je voudrais terminer cette chronique en citant \u00e0 nouveau Rabbi Nahman de Breslev : <em>&#8220;Si demain tu n\u2019\u00e9tais pas meilleur qu&#8217;aujourd&#8217;hui, alors \u00e0 quoi te servira demain ?&#8221;<\/em> Un appel \u00e0 la bonification qui me semble \u00eatre notre vocation, qui que nous soyons. Celle-ci passe forc\u00e9ment par l&#8217;\u00e9coute active, le dialogue sinc\u00e8re, l&#8217;argumentation structur\u00e9e etc&#8230;<\/p><p>Enferm\u00e9 dans ma tour, je crois que je vois et que je ne risque rien. Enferm\u00e9 dans ma tour, je me sens surtout prot\u00e9g\u00e9. Je ne vis pourtant pas au moyen-\u00e2ge ! Quel instinct &#8220;primitif&#8221; est encore \u00e0 l&#8217;\u0153uvre dans le c\u0153ur de l&#8217;homme &#8220;dit moderne&#8221;, qui se retrouve finalement violent envers les autres*** et le pauvre ge\u00f4lier de lui-m\u00eame. <strong>JMP<\/strong><\/p><p><em>* pour certains, priv\u00e9s de leurs protections id\u00e9ologiques, le face \u00e0 face authentique semble impossible : oblig\u00e9s de regarder leur trajectoire en face, ils vacillent.<\/em><\/p><p><em>** un exemple, ma d\u00e9finition d&#8217;une sardine : &#8220;petit poisson sans t\u00eate qui vit dans l&#8217;huile&#8221;. Ceci est Ma r\u00e9alit\u00e9. Est-ce la v\u00f4tre ? \ud83d\ude09<\/em><\/p><p><em>*** Comme disait Einstein : &#8220;si votre esprit n&#8217;est pas ouvert, gardez votre bouche ferm\u00e9e !&#8221;<\/em><\/p>\t\t\t\t\t<\/div>\n\t\t\t\t\t\t<\/div>\n\t\t\t\t<\/div>\n\t\t\t\t\t\t<\/div>\n\t\t\t\t\t<\/div>\n\t\t<\/div>\n\t\t\t\t\t\t\t\t<\/div>\n\t\t\t\t\t<\/div>\n\t\t<\/section>\n\t\t\t\t\t\t<\/div>\n\t\t\t\t\t\t<\/div>\n\t\t\t\t\t<\/div>\n\t\t","protected":false},"featured_media":4836,"template":"","themes":[39,38,37],"class_list":["post-4835","blog","type-blog","status-publish","has-post-thumbnail","hentry","themes-changement","themes-confiance","themes-test2"],"acf":[],"aioseo_notices":[],"_links":{"self":[{"href":"https:\/\/jmponcet.fr\/nov-apijson\/wp\/v2\/blog\/4835","targetHints":{"allow":["GET"]}}],"collection":[{"href":"https:\/\/jmponcet.fr\/nov-apijson\/wp\/v2\/blog"}],"about":[{"href":"https:\/\/jmponcet.fr\/nov-apijson\/wp\/v2\/types\/blog"}],"version-history":[{"count":4,"href":"https:\/\/jmponcet.fr\/nov-apijson\/wp\/v2\/blog\/4835\/revisions"}],"predecessor-version":[{"id":5041,"href":"https:\/\/jmponcet.fr\/nov-apijson\/wp\/v2\/blog\/4835\/revisions\/5041"}],"wp:featuredmedia":[{"embeddable":true,"href":"https:\/\/jmponcet.fr\/nov-apijson\/wp\/v2\/media\/4836"}],"wp:attachment":[{"href":"https:\/\/jmponcet.fr\/nov-apijson\/wp\/v2\/media?parent=4835"}],"wp:term":[{"taxonomy":"themes","embeddable":true,"href":"https:\/\/jmponcet.fr\/nov-apijson\/wp\/v2\/themes?post=4835"}],"curies":[{"name":"wp","href":"https:\/\/api.w.org\/{rel}","templated":true}]}}