{"id":4817,"date":"2023-04-30T19:06:42","date_gmt":"2023-04-30T17:06:42","guid":{"rendered":"https:\/\/jmponcet.fr\/?post_type=blog&#038;p=4817"},"modified":"2023-09-30T22:43:56","modified_gmt":"2023-09-30T20:43:56","slug":"faim-de-vie","status":"publish","type":"blog","link":"https:\/\/jmponcet.fr\/blog\/faim-de-vie\/","title":{"rendered":"Faim de vie !"},"content":{"rendered":"\t\t<div data-elementor-type=\"wp-post\" data-elementor-id=\"4817\" class=\"elementor elementor-4817\" data-elementor-settings=\"[]\">\n\t\t\t\t\t\t<div class=\"elementor-inner\">\n\t\t\t\t\t\t\t<div class=\"elementor-section-wrap\">\n\t\t\t\t\t\t\t<section class=\"elementor-section elementor-top-section elementor-element elementor-element-61467711 elementor-section-boxed elementor-section-height-default elementor-section-height-default\" data-id=\"61467711\" data-element_type=\"section\">\n\t\t\t\t\t\t<div class=\"elementor-container elementor-column-gap-default\">\n\t\t\t\t\t\t\t<div class=\"elementor-row\">\n\t\t\t\t\t<div class=\"elementor-column elementor-col-100 elementor-top-column elementor-element elementor-element-24afd566\" data-id=\"24afd566\" data-element_type=\"column\">\n\t\t\t<div class=\"elementor-column-wrap elementor-element-populated\">\n\t\t\t\t\t\t\t<div class=\"elementor-widget-wrap\">\n\t\t\t\t\t\t<div class=\"elementor-element elementor-element-6acced09 elementor-widget elementor-widget-text-editor\" data-id=\"6acced09\" data-element_type=\"widget\" data-widget_type=\"text-editor.default\">\n\t\t\t\t<div class=\"elementor-widget-container\">\n\t\t\t\t\t\t\t\t<div class=\"elementor-text-editor elementor-clearfix\">\n\t\t\t\t<p><strong>Chronique Terrienne n\u00b0 225\u00a0 <\/strong>Cent cinquante feuillets griffonn\u00e9s dans mon carnet puis un rapport de 170 pages (mais une synth\u00e8se de 7) que j&#8217;ai remis au Pr\u00e9sident de la R\u00e9publique le 3 avril dernier \u00e0 l&#8217;Elys\u00e9e, en tant que rapporteur* de la <strong>Convention citoyenne sur la fin de vie<\/strong>**. Ces 6 derniers mois ont vraiment \u00e9t\u00e9 aussi intenses qu&#8217;in\u00e9dits***.<\/p><p><em>&#8220;On a besoin de chemins partag\u00e9s&#8221;<\/em> nous a dit Emmanuel Macron. Alors pourquoi pas avec des &#8220;sortitionn\u00e9s&#8221; ? Je reprends ici la r\u00e9flexion d&#8217;un coll\u00e8gue Conventionnel, Julian, sur la l\u00e9gitimit\u00e9 d&#8217;une telle convention, en 4 mots cl\u00e9s :<br \/><strong>BIENVEILLANCE :<\/strong> appr\u00e9hender la multiplicit\u00e9 des enjeux qui entoure la fin de vie requiert \u00e9coute, respect et bienveillance. Cela suppose d\u2019accueillir la parole de l\u2019autre. Cette qualit\u00e9 d\u2019\u00e9change est un marqueur de la convention.<br \/><strong>INTELLIGENCES :<\/strong> les enjeux soulev\u00e9s, qui sont situ\u00e9s au carrefour de l\u2019intime et du collectif, font \u00e9merger des consensus et des dissensus. L&#8217;intelligence collective a permis de croiser une pluralit\u00e9 de regards et de points de vue.<br \/><strong>EXIGENCE :<\/strong> les enjeux am\u00e8nent \u00e0 s\u2019interroger sur des probl\u00e9matiques complexes o\u00f9 l\u2019\u00e9thique se confronte au m\u00e9dical et \u00e0 la spiritualit\u00e9. La convention s\u2019y est attel\u00e9e en s\u2019attachant \u00e0 comprendre les points de controverse, avec l\u2019aide d\u2019une soixantaines experts qui ont \u00e9t\u00e9 auditionn\u00e9s.<br \/><strong>NUANCES :<\/strong> les enjeux ont \u00e9t\u00e9 appr\u00e9hend\u00e9s avec beaucoup de nuances, \u00e0 partir des convictions personnelles qui ont \u00e9t\u00e9 partag\u00e9es dans un cadre collectif. La convention a fait \u00e9merger un &#8220;arc en ciel d\u2019opinions&#8221;.<\/p><p>Cette tr\u00e8s int\u00e9ressante exp\u00e9rience d\u00e9mocratique (nous \u00e9tions un panel de 184 citoyens), me redonne espoir, dans le malaise de notre \u00e9poque actuelle. <em><strong>&#8220;De par la qualit\u00e9 de son livrable et de la d\u00e9lib\u00e9ration respectueuse, mais surtout l&#8217;extraordinaire engagement, cette Convention citoyenne nous dit ce dont nous nous privons en associant qu&#8217;\u00e0 de d\u00e9cevants rendez-vous \u00e9lectoraux nos concitoyens&#8221;<\/strong><\/em> ; pour reprendre les propos r\u00e9cents des chercheurs observateurs Jacques Commaille et St\u00e9phanie Lacour dans Le Monde.<\/p><p>La question pos\u00e9e par Elisabeth Borne le 9 d\u00e9cembre, \u00e0 l&#8217;installation de cette Convention, sur un sujet aussi complexe et d\u00e9licat \u00e9tait la suivante : <strong>&#8220;Le cadre d&#8217;accompagnement de la fin de vie est-il adapt\u00e9 aux diff\u00e9rentes situations rencontr\u00e9es ou d&#8217;\u00e9ventuels changements devraient-ils \u00eatre introduits ?&#8221;<\/strong> Elle a ajout\u00e9 : <em>&#8220;Vous \u00eates le reflet de notre pays et de notre soci\u00e9t\u00e9. Votre r\u00f4le est de faire entendre vos exp\u00e9riences et vos sensibilit\u00e9s, vos v\u00e9cus et vos points de vue.&#8221;<\/em> <strong>Ce sujet en effet nous concerne tous.<\/strong><br \/>Dans l&#8217;antiquit\u00e9 5 \u00e0 8 % des humains seulement atteignaient la soixantaine. Aujourd&#8217;hui, dans un pays comme la France, l&#8217;esp\u00e9rance de vie est longue, mais elle retombe en ce moment \u00e0 environ 64 ans pour &#8220;l&#8217;esp\u00e9rance de vie en bonne sant\u00e9&#8221;. Les progr\u00e8s sanitaires et de la m\u00e9decine ainsi que la m\u00e9dicalisation de la mort cr\u00e9ent des situations historiquement nouvelles. Alors il y a des patients, impatients d&#8217;en finir&#8230;<\/p><p>Comme le dit la chanson**** <em>&#8220;La vie, la vie, c&#8217;est trop bizarre, c&#8217;est la plus che-lou des histoires&#8221;<\/em> ; quand la faim de vie diminue, elle semble annoncer la fin, me disait Fran\u00e7oise (conventionnelle de 83 ans). Et moi qui le r\u00e9p\u00e8te depuis 15 ans, une <a href=\"La transition bonifiante avec AdC\" target=\"_blank\" rel=\"noopener\">transition<\/a> commence toujours par une fin ; et une Convention, par une grande faim \ud83d\ude09\u00a0 <strong>JMP<\/strong><\/p><p><em>*<a href=\"https:\/\/www.lecese.fr\/actualites\/discours-de-marianne-et-jean-michel-remise-du-rapport-de-la-convention-citoyenne-sur-la-fin-de-vie-au-president-de\" target=\"_blank\" title=\"Les Conventionnels \u00e0 l'Elys\u00e9e le 3 avril 2023\" rel=\"noopener\">https:\/\/www.lecese.fr\/actualites\/discours-de-marianne-et-jean-michel-remise-du-rapport-de-la-convention-citoyenne-sur-la-fin-de-vie-au-president-de<\/a><\/em><\/p><p><em>**Notre rapport final et sa synth\u00e8se de 7 pages :<\/em><br \/><a href=\"https:\/\/conventioncitoyennesurlafindevie.lecese.fr\/les-propositions-de-la-convention-citoyenne-sur-la-fin-de-vie\" target=\"_blank\" title=\"CCFV\" rel=\"noopener\"><em>https:\/\/conventioncitoyennesurlafindevie.lecese.fr\/les-propositions-de-la-convention-citoyenne-sur-la-fin-de-vie<\/em><\/a><\/p><p><em>*** Une pr\u00e9paration par le CESE (Comit\u00e9 Economique Social et Environnemental) sur oct.\/nov. 2022 puis les 9 sessions de 3 jours (les week-end) au Palais d&#8217;Iena \u00e0 Paris, de d\u00e9c. \u00e0 avril (2023), soit 27 jours de travail en collectif.<\/em><\/p><p><em>Tout savoir sur la CCFV : <a href=\"https:\/\/conventioncitoyennesurlafindevie.lecese.fr\/\" target=\"_blank\" title=\"CCFV\" rel=\"noopener\">https:\/\/conventioncitoyennesurlafindevie.lecese.fr\/<\/a><\/em><\/p><p><em>****Paroles de la chanson &#8220;Comme un voleur&#8221; par Madame Monsieur (\u00c9milie Satt et J\u00e9r\u00e9my Fr\u00e9rot)<\/em><\/p><p><strong><em>Autres ressources :<\/em><\/strong><\/p><p><em>Le manifeste des 184 :<\/em><br \/><a href=\"https:\/\/conventioncitoyennesurlafindevie.lecese.fr\/actualites\/la-convention-citoyenne-sur-la-fin-de-vie-conclut-ses-travaux\" target=\"_blank\" title=\"Le Manifeste des 184 de la CCFV\" rel=\"noopener\"><em>https:\/\/conventioncitoyennesurlafindevie.lecese.fr\/actualites\/la-convention-citoyenne-sur-la-fin-de-vie-conclut-ses-travaux<\/em><\/a><\/p><p><em>LCP : <a href=\"https:\/\/www.youtube.com\/watch?v=uqLYumhXhOA\" target=\"_blank\" title=\"reportage de La Cha\u00eene Parlementaire CCFV\" rel=\"noopener\">https:\/\/www.youtube.com\/watch?v=uqLYumhXhOA<\/a><\/em><br \/><em>(Le reportage de La Cha\u00eene Parlementaire qui t\u00e9moigne du cheminement de la Convention sur le fond)<\/em><\/p><p><em>Le Centre national des soins palliatifs et de la fin de vie : <a href=\"https:\/\/www.parlons-fin-de-vie.fr\/\" target=\"_blank\" title=\"CENTRE RESSOURCES FIN DE VIE\" rel=\"noopener\">https:\/\/www.parlons-fin-de-vie.fr\/<\/a><\/em><\/p>\t\t\t\t\t<\/div>\n\t\t\t\t\t\t<\/div>\n\t\t\t\t<\/div>\n\t\t\t\t\t\t<\/div>\n\t\t\t\t\t<\/div>\n\t\t<\/div>\n\t\t\t\t\t\t\t\t<\/div>\n\t\t\t\t\t<\/div>\n\t\t<\/section>\n\t\t\t\t\t\t<\/div>\n\t\t\t\t\t\t<\/div>\n\t\t\t\t\t<\/div>\n\t\t","protected":false},"featured_media":4819,"template":"","themes":[40,38,37],"class_list":["post-4817","blog","type-blog","status-publish","has-post-thumbnail","hentry","themes-accompagnement","themes-confiance","themes-test2"],"acf":[],"aioseo_notices":[],"_links":{"self":[{"href":"https:\/\/jmponcet.fr\/nov-apijson\/wp\/v2\/blog\/4817","targetHints":{"allow":["GET"]}}],"collection":[{"href":"https:\/\/jmponcet.fr\/nov-apijson\/wp\/v2\/blog"}],"about":[{"href":"https:\/\/jmponcet.fr\/nov-apijson\/wp\/v2\/types\/blog"}],"version-history":[{"count":5,"href":"https:\/\/jmponcet.fr\/nov-apijson\/wp\/v2\/blog\/4817\/revisions"}],"predecessor-version":[{"id":5044,"href":"https:\/\/jmponcet.fr\/nov-apijson\/wp\/v2\/blog\/4817\/revisions\/5044"}],"wp:featuredmedia":[{"embeddable":true,"href":"https:\/\/jmponcet.fr\/nov-apijson\/wp\/v2\/media\/4819"}],"wp:attachment":[{"href":"https:\/\/jmponcet.fr\/nov-apijson\/wp\/v2\/media?parent=4817"}],"wp:term":[{"taxonomy":"themes","embeddable":true,"href":"https:\/\/jmponcet.fr\/nov-apijson\/wp\/v2\/themes?post=4817"}],"curies":[{"name":"wp","href":"https:\/\/api.w.org\/{rel}","templated":true}]}}