{"id":4538,"date":"2022-09-16T14:27:14","date_gmt":"2022-09-16T12:27:14","guid":{"rendered":"https:\/\/jmponcet.fr\/?post_type=blog&#038;p=4538"},"modified":"2022-11-19T15:56:57","modified_gmt":"2022-11-19T14:56:57","slug":"securiser-son-changement-professionnel","status":"publish","type":"blog","link":"https:\/\/jmponcet.fr\/blog\/securiser-son-changement-professionnel\/","title":{"rendered":"S\u00e9curiser son changement professionnel"},"content":{"rendered":"\t\t<div data-elementor-type=\"wp-post\" data-elementor-id=\"4538\" class=\"elementor elementor-4538\" data-elementor-settings=\"[]\">\n\t\t\t\t\t\t<div class=\"elementor-inner\">\n\t\t\t\t\t\t\t<div class=\"elementor-section-wrap\">\n\t\t\t\t\t\t\t<section class=\"elementor-section elementor-top-section elementor-element elementor-element-79b9b027 elementor-section-boxed elementor-section-height-default elementor-section-height-default\" data-id=\"79b9b027\" data-element_type=\"section\">\n\t\t\t\t\t\t<div class=\"elementor-container elementor-column-gap-default\">\n\t\t\t\t\t\t\t<div class=\"elementor-row\">\n\t\t\t\t\t<div class=\"elementor-column elementor-col-100 elementor-top-column elementor-element elementor-element-3ca390cc\" data-id=\"3ca390cc\" data-element_type=\"column\">\n\t\t\t<div class=\"elementor-column-wrap elementor-element-populated\">\n\t\t\t\t\t\t\t<div class=\"elementor-widget-wrap\">\n\t\t\t\t\t\t<div class=\"elementor-element elementor-element-2725b871 elementor-widget elementor-widget-text-editor\" data-id=\"2725b871\" data-element_type=\"widget\" data-widget_type=\"text-editor.default\">\n\t\t\t\t<div class=\"elementor-widget-container\">\n\t\t\t\t\t\t\t\t<div class=\"elementor-text-editor elementor-clearfix\">\n\t\t\t\t<p><strong>Chronique Terrienne n\u00b0 221 <\/strong>Le constat d&#8217;avoir fait le tour du sujet ? Une vraie envie d&#8217;autre chose ? S\u00e9curiser son changement professionnel, c&#8217;est \u00e9videmment anticiper, c&#8217;est travailler \u00e0 \u00eatre ce que nous pouvons devenir ! <strong>Avant de d\u00e9missionner, m\u00eame si pour une reconversion ou cr\u00e9ation d&#8217;entreprise les droits P\u00f4le Emploi sont d\u00e9sormais accessibles, il convient de d\u00e9montrer la cr\u00e9dibilit\u00e9 de son nouveau projet<\/strong>. Aussi, il faut avant tout pr\u00e9cis\u00e9ment l&#8217;\u00e9laborer.<\/p><p>La rupture conventionnelle reste un bon cadre de d\u00e9part de l&#8217;entreprise, mais n\u00e9cessite une r\u00e9elle \u00e9tape de discussion avec son employeur.<\/p><p><strong>Aborder la n\u00e9gociation de rupture, en sachant que tout, potentiellement, peut se n\u00e9gocier, sp\u00e9cialement pour un Cadre senior est un atout !<\/strong> Cela d\u00e9pend bien s\u00fbr de sa &#8220;position&#8221; vs son employeur : si celle-ci est plut\u00f4t favorable, cad de l&#8217;anciennet\u00e9 et l&#8217;absence d&#8217;un conflit ouvert, \u00eatre force de proposition sera pertinent.<\/p><p>Il s&#8217;agit d&#8217;\u00eatre vigilant sur le &#8220;l\u00e9gal&#8221;, bien entendu, mais aussi le &#8220;conventionnel&#8221; de l&#8217;indemnit\u00e9 financi\u00e8re de d\u00e9part, et ensuite d\u00e9marre la n\u00e9go. (le &#8220;supra.&#8221;) qui comporte diff\u00e9rents volets :<br \/>&#8211; la date de d\u00e9part (qui arrange au mieux les deux parties) ?<br \/>&#8211; le pr\u00e9avis li\u00e9 \u00e0 votre contrat de travail et CC (effectu\u00e9 ou offert&#8230;) ?<br \/>&#8211; le solde de cong\u00e9s voire les RTT (qui seront r\u00e9gl\u00e9s ou \u00e0 prendre avant la sortie des effectifs) ?<br \/>&#8211; un budget formation (hors CFP) ou\/et un accompagnement en <strong>outplacement*<\/strong><br \/>&#8211; l&#8217;\u00e9ch\u00e9ance \u00e0 laquelle je rends le PC, le t\u00e9l\u00e9phone voire la voiture de fonction ?<br \/>&#8211; d&#8217;\u00e9ventuelles facilit\u00e9s, type lev\u00e9e de la clause de non-concurrence par exemple ou coup de pouce logistique ?<br \/>&#8230;<\/p><p><strong>* <a href=\"https:\/\/jmponcet.fr\/outplacement\/\" target=\"_blank\" title=\"OP AdC : La transition bonifiante\u00ae\" rel=\"noopener\">L&#8217;outplacement est une garantie de bonne gestion de sa transition<\/a>.<\/strong><br \/>Je conseille vivement de le n\u00e9gocier avec son employeur. Il sera factur\u00e9 directement \u00e0 l&#8217;entreprise (donc effet TVA neutre pour elle), cette prestation n&#8217;\u00e9tant pas charg\u00e9e fiscalement ni socialement. J&#8217;aide mes clients en cela avec ma forte exp\u00e9rience du sujet.<\/p><p><strong>Mais bref, travailler en amont (et en totale discr\u00e9tion vs votre employeur) avec un professionnel du pilotage de carri\u00e8re pour changer de cap et \u00e9laborer un projet r\u00e9aliste et r\u00e9alisable avant de quitter son entreprise est id\u00e9al.<\/strong> On conduit alors r\u00e9ellement son projet de changement. Veillons pour cela \u00e0 se faire \u00e9pauler par un coach pro. certifi\u00e9 connaissant les multiples secteurs d&#8217;activit\u00e9s existants, leurs diff\u00e9rents m\u00e9tiers mais aussi le tissu local. S&#8217;il nous fait en m\u00eame temps b\u00e9n\u00e9ficier d&#8217;une r\u00e9elle exp\u00e9rience entrepreneuriale \u00e0 360\u00b0, c&#8217;est encore mieux, car nombre de mes clients en sont venus \u00e0 la cr\u00e9ation sans l&#8217;avoir imagin\u00e9 au d\u00e9but de notre travail ensemble !<\/p><p>Notre enjeu est majeur, prenons garde au tuteur ! <strong>JMP<\/strong><\/p><p><em>NB : Garder son CPF pour se former et\/ou se remettre \u00e0 niveau est mon conseil ; <a href=\"https:\/\/jmponcet.fr\/bilan-de-carriere\/\" target=\"_blank\" title=\"Le bilan doit d\u00e9boucher sur un plan d'actions\" rel=\"noopener\">le bilan<\/a> et <a href=\"https:\/\/jmponcet.fr\/coaching\/\" target=\"_blank\" title=\"Acc\u00e9der \u00e0 toutes ses ressources internes !\" rel=\"noopener\">le coaching<\/a> sont des interventions d&#8217;un tiers en accompagnement, pas de la formation. Leurs financements ne doivent venir que de l&#8217;employeur ou de soi-m\u00eame (nos indemnit\u00e9s et\/ou notre \u00e9pargne). On peut toujours contourner les lois soci\u00e9tales mais la dynamique humaine n&#8217;y correspond pas vraiment&#8230; Le premier acte concret du changement que nous voulons vraiment : c&#8217;est d&#8217;obtenir le budget des honoraires de son coach aupr\u00e8s de son employeur ou alors faire le ch\u00e8que soi-m\u00eame.<\/em><\/p><p><em>PS : pour aller plus loin et &#8220;inspirer vos projets&#8221; : <\/em><\/p><ul><li><em>vid\u00e9o <a href=\"https:\/\/youtu.be\/Mxr6NkUKpg4\" target=\"_blank\" rel=\"noopener\">&#8220;Changer de voie \u00e0 40 ou 50 ans ?&#8221;<\/a><\/em><br \/><em>(lien direct version courte : une pr\u00e9sentation en images de mon approche pour accompagner les cadres en transition)\u00a0<\/em><\/li><li><em>votre mail en <a href=\"https:\/\/jmponcet.fr\/contact\/\" target=\"_blank\" rel=\"noopener\">MP pour recevoir mon e-book .pdf<\/a> : &#8220;7 th\u00e9matiques sur le rebond&#8221;<\/em><\/li><\/ul>\t\t\t\t\t<\/div>\n\t\t\t\t\t\t<\/div>\n\t\t\t\t<\/div>\n\t\t\t\t\t\t<\/div>\n\t\t\t\t\t<\/div>\n\t\t<\/div>\n\t\t\t\t\t\t\t\t<\/div>\n\t\t\t\t\t<\/div>\n\t\t<\/section>\n\t\t\t\t\t\t<\/div>\n\t\t\t\t\t\t<\/div>\n\t\t\t\t\t<\/div>\n\t\t","protected":false},"featured_media":4539,"template":"","themes":[39,41,43],"class_list":["post-4538","blog","type-blog","status-publish","has-post-thumbnail","hentry","themes-changement","themes-emploi","themes-entrepreneuriat"],"acf":[],"aioseo_notices":[],"_links":{"self":[{"href":"https:\/\/jmponcet.fr\/nov-apijson\/wp\/v2\/blog\/4538","targetHints":{"allow":["GET"]}}],"collection":[{"href":"https:\/\/jmponcet.fr\/nov-apijson\/wp\/v2\/blog"}],"about":[{"href":"https:\/\/jmponcet.fr\/nov-apijson\/wp\/v2\/types\/blog"}],"version-history":[{"count":28,"href":"https:\/\/jmponcet.fr\/nov-apijson\/wp\/v2\/blog\/4538\/revisions"}],"predecessor-version":[{"id":4674,"href":"https:\/\/jmponcet.fr\/nov-apijson\/wp\/v2\/blog\/4538\/revisions\/4674"}],"wp:featuredmedia":[{"embeddable":true,"href":"https:\/\/jmponcet.fr\/nov-apijson\/wp\/v2\/media\/4539"}],"wp:attachment":[{"href":"https:\/\/jmponcet.fr\/nov-apijson\/wp\/v2\/media?parent=4538"}],"wp:term":[{"taxonomy":"themes","embeddable":true,"href":"https:\/\/jmponcet.fr\/nov-apijson\/wp\/v2\/themes?post=4538"}],"curies":[{"name":"wp","href":"https:\/\/api.w.org\/{rel}","templated":true}]}}