{"id":3973,"date":"2021-12-06T15:34:38","date_gmt":"2021-12-06T14:34:38","guid":{"rendered":"https:\/\/jmponcet.fr\/?post_type=blog&#038;p=3973"},"modified":"2021-12-06T16:01:13","modified_gmt":"2021-12-06T15:01:13","slug":"cession-dentreprise-quel-timing-pour-le-passage-de-relais","status":"publish","type":"blog","link":"https:\/\/jmponcet.fr\/blog\/cession-dentreprise-quel-timing-pour-le-passage-de-relais\/","title":{"rendered":"Cession d&#8217;entreprise : quel bon timing pour le passage de relais ?"},"content":{"rendered":"\t\t<div data-elementor-type=\"wp-post\" data-elementor-id=\"3973\" class=\"elementor elementor-3973\" data-elementor-settings=\"[]\">\n\t\t\t\t\t\t<div class=\"elementor-inner\">\n\t\t\t\t\t\t\t<div class=\"elementor-section-wrap\">\n\t\t\t\t\t\t\t<section class=\"elementor-section elementor-top-section elementor-element elementor-element-31dbedd3 elementor-section-boxed elementor-section-height-default elementor-section-height-default\" data-id=\"31dbedd3\" data-element_type=\"section\">\n\t\t\t\t\t\t<div class=\"elementor-container elementor-column-gap-default\">\n\t\t\t\t\t\t\t<div class=\"elementor-row\">\n\t\t\t\t\t<div class=\"elementor-column elementor-col-100 elementor-top-column elementor-element elementor-element-17d3128\" data-id=\"17d3128\" data-element_type=\"column\">\n\t\t\t<div class=\"elementor-column-wrap elementor-element-populated\">\n\t\t\t\t\t\t\t<div class=\"elementor-widget-wrap\">\n\t\t\t\t\t\t<div class=\"elementor-element elementor-element-576dbbc1 elementor-widget elementor-widget-text-editor\" data-id=\"576dbbc1\" data-element_type=\"widget\" data-widget_type=\"text-editor.default\">\n\t\t\t\t<div class=\"elementor-widget-container\">\n\t\t\t\t\t\t\t\t<div class=\"elementor-text-editor elementor-clearfix\">\n\t\t\t\t<p><strong>Chronique Terrienne n\u00b0 213\u00a0 <\/strong>La dur\u00e9e de passation, c&#8217;est \u00e0 dire le temps o\u00f9 le c\u00e9dant est toujours au c\u00f4t\u00e9 du repreneur apr\u00e8s le rachat effectif, dans le cas d&#8217;une transmission d&#8217;une PME, est une question d\u00e9licate.\u00a0<\/p><p>D\u00e9licate, car en effet la dur\u00e9e id\u00e9ale d\u00e9pend de nombreux facteurs, comme la complexit\u00e9 de l&#8217;\u00e9cosyst\u00e8me de l&#8217;entreprise ou encore le caract\u00e8re et les attentes de chacun des deux protagonistes. Cette p\u00e9riode de &#8220;doublon&#8221; du leadership est \u00e9galement difficile \u00e0 appr\u00e9hender car elle concerne \u00e9videmment bien plus d&#8217;interlocuteurs que les deux individus en question.<\/p><p><strong>Un v\u00e9ritable &#8220;tandem&#8221; \u00e0 op\u00e9rer\u2026<\/strong><\/p><p>Si l&#8217;on parle uniquement de la p\u00e9riode de briefing op\u00e9rationnel et de pr\u00e9sentation de la part de c\u00e9dant au repreneur des partenaires et notamment de certains clients, on distinguera le d\u00e9part progressif d&#8217;un c\u00e9dant n\u00e9cessit\u00e9 par la s\u00e9curisation du portefeuille clients dans un secteur tr\u00e8s concurrentiel (en BtB par ex. et lorsque l&#8217;interaction avec des grands comptes voire des donneurs d&#8217;ordres est forte, cette \u00e9tape est strat\u00e9gique), d&#8217;une activit\u00e9 \u00e0 la client\u00e8le plus atomis\u00e9e, peut-\u00eatre moins volatile (activit\u00e9s dans le consommable ou le service r\u00e9current par exemple&#8230;)<\/p><p>Je focaliserai mon propos dans ce post sur la dimension &#8220;personnalit\u00e9&#8221;. Parce qu&#8217;il est non seulement souvent le fondateur de l&#8217;entreprise mais aussi r\u00e9guli\u00e8rement &#8220;l&#8217;homme clef technique&#8221;, le c\u00e9dant doit apporter un soutien cons\u00e9quent au repreneur dans la logique de le l\u00e9gitimer.<\/p><p>Le passage de relais doit \u00eatre un point bien clairement n\u00e9goci\u00e9 dans le cadre de la reprise, car il n&#8217;est pas anodin.<\/p><p>En r\u00e9sum\u00e9, il ne s\u2019agit ni de se pr\u00e9cipiter, ni de maintenir le flou que g\u00e9n\u00e8re les 2 personnalit\u00e9s au m\u00eame &#8220;poste&#8221;. Avoir une date officielle \u00e0 communiquer aux salari\u00e9s et aux parties prenantes est une fa\u00e7on pertinente de clarifier le transfert de pouvoir. Ce dernier doit intervenir rapidement apr\u00e8s la signature (et sa dimension juridique) mais la prise de leadership effective aura besoin de quelques semaines pour s&#8217;installer *. En revanche et d&#8217;une mani\u00e8re g\u00e9n\u00e9rale, consid\u00e9rons que dans ce domaine on a souvent envisag\u00e9 un laps de temps trop long. Les deux entrepreneurs n&#8217;ayant pas le m\u00eame caract\u00e8re (sic), mais \u00e9galement plus les m\u00eame objectifs, la cohabitation ne simplifie donc pas l&#8217;activit\u00e9 de l&#8217;organisation mais l&#8217;alourdit. Le repreneur doit pouvoir ainsi, selon moi, stopper le tandem avant le terme pr\u00e9vu initialement, s&#8217;il le juge n\u00e9cessaire.<\/p><p>Les dimensions commerciales et salariales ayant souvent \u00e9t\u00e9 anticip\u00e9es d\u00e8s les premi\u00e8res discussions, tout comme avec certains partenaires si besoin (banquiers, gros clients, fournisseurs clefs&#8230;) les parties doivent appr\u00e9cier rapidement si un timing de 1 mois est suffisant ou alors s&#8217;il y a des missions \u00e0 accomplir en duo pour que le repreneur se sente \u00e0 l&#8217;aise ensuite. Auquel cas, un passage de t\u00e9moin de 3 mois peut s&#8217;entendre.<\/p><p><strong>Un v\u00e9ritable &#8220;deuil&#8221; \u00e0 faire&#8230;<\/strong><\/p><p>Que le c\u00e9dant reste dans l&#8217;entreprise ensuite \u00e0 temps partiel pour intervenir sur un dossier sp\u00e9cifique qui a encore besoin de son savoir-faire technique n&#8217;est pas forc\u00e9ment une mauvaise id\u00e9e en soi, mais son comportement doit \u00eatre alors align\u00e9 avec le transfert du pouvoir d\u00e9cisionnaire.<\/p><p>L\u2019option d\u2019un &#8221; learn-out&#8221;, c&#8217;est \u00e0 dire un compl\u00e9ment de prix \u00e0 verser par l&#8217;acqu\u00e9reur en fonction d&#8217;objectifs financiers \u00e0 atteindre (chiffre d&#8217;affaires, r\u00e9sultat net ou tout autre indicateur) est utilis\u00e9 de plus en plus fr\u00e9quemment dans le cadre des ventes d&#8217;entreprise.\u00a0Il a pour but de conduire le c\u00e9dant \u00e0 s&#8217;impliquer fortement dans la marche de la soci\u00e9t\u00e9 une fois la cession r\u00e9alis\u00e9e.\u00a0Si l&#8217;objectif est louable, ces situations se r\u00e9v\u00e8lent parfois complexes \u00e0 g\u00e9rer. Une nouvelle attitude est \u00e0 adopter par le c\u00e9dant ; pas si simple pour un entrepreneur \u00e0 qui il est demand\u00e9 de devenir &#8220;simple salari\u00e9&#8221;, alors qu&#8217;il a un lien souvent tr\u00e8s affectif avec son ancienne entreprise.<\/p><p>Il saura d&#8217;ailleurs se faire accompagner, \u00e0 titre individuel, pour \u00eatre en conscience de l&#8217;engagement qu&#8217;il prend vis-\u00e0-vis de son successeur, mais \u00e9galement dans sa psychodynamique personnelle, de mani\u00e8re \u00e0 progressivement &#8220;l\u00e2cher-prise&#8221; et construire son propre futur de mani\u00e8re concr\u00e8te (m\u00eame si la retraite peut sonner) !\u00a0<strong>JMP<\/strong><\/p><p><em>* L&#8217;occupation de la salle de r\u00e9union par le repreneur avant de passer ensuite (quelques temps plus tard) dans le bureau Directorial, sera de nature \u00e0 mat\u00e9rialiser aux salari\u00e9s &#8220;le passage des commandes&#8221; de l&#8217;entreprise.<\/em><\/p><p><blockquote class=\"wp-embedded-content\" data-secret=\"Aj9iO3ZtvH\"><a href=\"https:\/\/jmponcet.fr\/aepme\/\">AE PME<\/a><\/blockquote><iframe loading=\"lazy\" class=\"wp-embedded-content\" sandbox=\"allow-scripts\" security=\"restricted\" style=\"position: absolute; clip: rect(1px, 1px, 1px, 1px);\" title=\"\u00ab\u00a0AE PME\u00a0\u00bb &#8212; Jean-Michel Poncet\" src=\"https:\/\/jmponcet.fr\/aepme\/embed\/#?secret=Aj9iO3ZtvH\" data-secret=\"Aj9iO3ZtvH\" width=\"600\" height=\"338\" frameborder=\"0\" marginwidth=\"0\" marginheight=\"0\" scrolling=\"no\"><\/iframe><\/p><p><a href=\"https:\/\/jmponcet.fr\/aepme\/\" target=\"_blank\" title=\"Faire \u00e9voluer et\/ou c\u00e9der votre entreprise...\" rel=\"noopener\">D\u00e9couvrez le Collectif AURA Evolution PME<\/a><\/p>\t\t\t\t\t<\/div>\n\t\t\t\t\t\t<\/div>\n\t\t\t\t<\/div>\n\t\t\t\t\t\t<\/div>\n\t\t\t\t\t<\/div>\n\t\t<\/div>\n\t\t\t\t\t\t\t\t<\/div>\n\t\t\t\t\t<\/div>\n\t\t<\/section>\n\t\t\t\t\t\t<\/div>\n\t\t\t\t\t\t<\/div>\n\t\t\t\t\t<\/div>\n\t\t","protected":false},"featured_media":3974,"template":"","themes":[40,39,43],"class_list":["post-3973","blog","type-blog","status-publish","has-post-thumbnail","hentry","themes-accompagnement","themes-changement","themes-entrepreneuriat"],"acf":[],"aioseo_notices":[],"_links":{"self":[{"href":"https:\/\/jmponcet.fr\/nov-apijson\/wp\/v2\/blog\/3973","targetHints":{"allow":["GET"]}}],"collection":[{"href":"https:\/\/jmponcet.fr\/nov-apijson\/wp\/v2\/blog"}],"about":[{"href":"https:\/\/jmponcet.fr\/nov-apijson\/wp\/v2\/types\/blog"}],"version-history":[{"count":9,"href":"https:\/\/jmponcet.fr\/nov-apijson\/wp\/v2\/blog\/3973\/revisions"}],"predecessor-version":[{"id":3985,"href":"https:\/\/jmponcet.fr\/nov-apijson\/wp\/v2\/blog\/3973\/revisions\/3985"}],"wp:featuredmedia":[{"embeddable":true,"href":"https:\/\/jmponcet.fr\/nov-apijson\/wp\/v2\/media\/3974"}],"wp:attachment":[{"href":"https:\/\/jmponcet.fr\/nov-apijson\/wp\/v2\/media?parent=3973"}],"wp:term":[{"taxonomy":"themes","embeddable":true,"href":"https:\/\/jmponcet.fr\/nov-apijson\/wp\/v2\/themes?post=3973"}],"curies":[{"name":"wp","href":"https:\/\/api.w.org\/{rel}","templated":true}]}}