{"id":3849,"date":"2021-07-11T16:02:11","date_gmt":"2021-07-11T14:02:11","guid":{"rendered":"https:\/\/jmponcet.fr\/?post_type=blog&#038;p=3849"},"modified":"2021-07-11T16:26:14","modified_gmt":"2021-07-11T14:26:14","slug":"porte-toi-bien","status":"publish","type":"blog","link":"https:\/\/jmponcet.fr\/blog\/porte-toi-bien\/","title":{"rendered":"Porte-toi bien"},"content":{"rendered":"<p><strong>Chronique Terrienne n\u00b0 206<\/strong>\u00a0 Et si justement j&#8217;\u00e9tais une porte ? Un ouvrant qui laisse passer, permet d&#8217;acc\u00e9der ou non \u00e0 un bel int\u00e9rieur ou \u00e0 un bel ext\u00e9rieur&#8230; Cette analogie n&#8217;est pas tr\u00e8s sophistiqu\u00e9e, et c&#8217;est bien son but : faire simple, sur ce sujet majeur de l&#8217;existence humaine qu&#8217;est l&#8217;ouverture.<br \/>\nSuis-je en r\u00e9alit\u00e9 dans mon attitude quotidienne : bien ouvert, entrouvert, souvent ferm\u00e9, toujours ferm\u00e9 ?<br \/>\nMon syst\u00e8me de croyance, qui a l&#8217;utilit\u00e9 de me structurer (et donc est essentiel), me porte-il parfois \u00e0 me fermer ?<br \/>\nRenfermer dans mes propres valeurs, que je consid\u00e8re comme toujours vraies, me font s\u00e9lectionner les propos et comportements d&#8217;autrui. Classifier, voire disqualifier imm\u00e9diatement, reste le v\u00e9ritable handicap de mon &#8220;filtre&#8221;.<br \/>\n&#8220;Chacun de nous se construit, depuis la naissance, sensiblement et \u00e9motionnellement d\u2019abord, cognitivement bien plus tard, une vision du monde, c&#8217;est-\u00e0-dire un ensemble de croyances sur soi-m\u00eame-les autres-la vie.&#8221; \u00e9crit Fran\u00e7ois Balta.<br \/>\nCertaines personnes semblent non seulement \u00eatre des portes ferm\u00e9es, mais cadenass\u00e9es. D&#8217;autres au contraire laissent entrevoir la lumi\u00e8re entre leurs f\u00ealures.<br \/>\nSi je suis toujours ouvert, aux quatre vents, je ne puis me construire. Ma visserie c\u00e9dera un jour&#8230; Si je suis tel une porte blind\u00e9e, qu&#8217;ai-je tant \u00e0 cacher, \u00e0 redouter ? Personne ne s&#8217;int\u00e9ressera \u00e0 ma voie (sauf peut-\u00eatre un cambrioleur, qui rel\u00e8vera le d\u00e9fi de me forcer&#8230;)<br \/>\nOui je suis un battant, non je ne me laisse pas (a)battre ! Je connais la puissance de l&#8217;ouverture, grand multiplicateur des relations humaines. &#8220;Tout ce que tu as toujours voulu est de l&#8217;autre c\u00f4t\u00e9 de la <del>porte<\/del> peur.&#8221; <strong>JMP<\/strong><\/p>\n<blockquote class=\"wp-embedded-content\" data-secret=\"3QCm59kZPS\"><p><a href=\"https:\/\/jmponcet.fr\/blog\/sortez-casques\/\">Sortez casqu\u00e9s !<\/a><\/p><\/blockquote>\n<p><iframe loading=\"lazy\" class=\"wp-embedded-content\" sandbox=\"allow-scripts\" security=\"restricted\" style=\"position: absolute; clip: rect(1px, 1px, 1px, 1px);\" title=\"\u00ab\u00a0Sortez casqu\u00e9s !\u00a0\u00bb &#8212; Jean-Michel Poncet\" src=\"https:\/\/jmponcet.fr\/blog\/sortez-casques\/embed\/#?secret=3QCm59kZPS\" data-secret=\"3QCm59kZPS\" width=\"600\" height=\"338\" frameborder=\"0\" marginwidth=\"0\" marginheight=\"0\" scrolling=\"no\"><\/iframe><\/p>\n","protected":false},"featured_media":3850,"template":"","themes":[38,37,36],"class_list":["post-3849","blog","type-blog","status-publish","has-post-thumbnail","hentry","themes-confiance","themes-test2","themes-test1"],"acf":[],"aioseo_notices":[],"_links":{"self":[{"href":"https:\/\/jmponcet.fr\/nov-apijson\/wp\/v2\/blog\/3849","targetHints":{"allow":["GET"]}}],"collection":[{"href":"https:\/\/jmponcet.fr\/nov-apijson\/wp\/v2\/blog"}],"about":[{"href":"https:\/\/jmponcet.fr\/nov-apijson\/wp\/v2\/types\/blog"}],"version-history":[{"count":5,"href":"https:\/\/jmponcet.fr\/nov-apijson\/wp\/v2\/blog\/3849\/revisions"}],"predecessor-version":[{"id":3855,"href":"https:\/\/jmponcet.fr\/nov-apijson\/wp\/v2\/blog\/3849\/revisions\/3855"}],"wp:featuredmedia":[{"embeddable":true,"href":"https:\/\/jmponcet.fr\/nov-apijson\/wp\/v2\/media\/3850"}],"wp:attachment":[{"href":"https:\/\/jmponcet.fr\/nov-apijson\/wp\/v2\/media?parent=3849"}],"wp:term":[{"taxonomy":"themes","embeddable":true,"href":"https:\/\/jmponcet.fr\/nov-apijson\/wp\/v2\/themes?post=3849"}],"curies":[{"name":"wp","href":"https:\/\/api.w.org\/{rel}","templated":true}]}}