{"id":3701,"date":"2021-06-06T17:01:12","date_gmt":"2021-06-06T15:01:12","guid":{"rendered":"https:\/\/jmponcet.fr\/?post_type=blog&#038;p=3701"},"modified":"2021-11-01T20:40:09","modified_gmt":"2021-11-01T19:40:09","slug":"que-cache-la-qvt-qualite-de-vie-au-travail","status":"publish","type":"blog","link":"https:\/\/jmponcet.fr\/blog\/que-cache-la-qvt-qualite-de-vie-au-travail\/","title":{"rendered":"Que cache la QVT (Qualit\u00e9 de Vie au Travail) ?"},"content":{"rendered":"\t\t<div data-elementor-type=\"wp-post\" data-elementor-id=\"3701\" class=\"elementor elementor-3701\" data-elementor-settings=\"[]\">\n\t\t\t\t\t\t<div class=\"elementor-inner\">\n\t\t\t\t\t\t\t<div class=\"elementor-section-wrap\">\n\t\t\t\t\t\t\t<div class=\"elementor-section elementor-top-section elementor-element elementor-element-4491b139 elementor-section-full_width elementor-section-content-top elementor-section-height-default elementor-section-height-default\" data-id=\"4491b139\" data-element_type=\"section\">\n\t\t\t\t\t\t<div class=\"elementor-container elementor-column-gap-default\">\n\t\t\t\t\t\t\t<div class=\"elementor-row\">\n\t\t\t\t\t<div class=\"elementor-column elementor-col-100 elementor-top-column elementor-element elementor-element-5d1edaf4\" data-id=\"5d1edaf4\" data-element_type=\"column\">\n\t\t\t<div class=\"elementor-column-wrap elementor-element-populated\">\n\t\t\t\t\t\t\t<div class=\"elementor-widget-wrap\">\n\t\t\t\t\t\t<div class=\"elementor-element elementor-element-362da101 elementor-widget elementor-widget-text-editor\" data-id=\"362da101\" data-element_type=\"widget\" data-widget_type=\"text-editor.default\">\n\t\t\t\t<div class=\"elementor-widget-container\">\n\t\t\t\t\t\t\t\t<div class=\"elementor-text-editor elementor-clearfix\">\n\t\t\t\t<p><strong>Chronique Terrienne n\u00b0 202\u00a0 <\/strong>Les 5 conditions d&#8217;une exp\u00e9rience professionnelle \u00e9panouissante durablement sont, selon moi, les suivantes :<br \/>&#8211; appr\u00e9cier son job (je parle du poste que j&#8217;occupe et des missions\/t\u00e2ches \u00e0 effectuer et o\u00f9\/dans quel contexte)<br \/>&#8211; b\u00e9n\u00e9ficier d&#8217;un boss qui soit un vrai manager (un hi\u00e9rarchique qui me partage sa confiance et me tire vers le haut)<br \/>&#8211; avoir des relations professionnelles de qualit\u00e9 avec ses coll\u00e8gues, mais aussi ses clients, ses fournisseurs etc&#8230;<br \/>&#8211; aboutir \u00e0 la forme d&#8217;autonomie qui me convienne dans l&#8217;exercice de mon m\u00e9tier<br \/>&#8211; trouver du sens \u00e0 mon engagement (coh\u00e9rence de valeurs partag\u00e9es avec mon entreprise et contribution \u00e0 un d\u00e9fi plus grand que ma petite personne)<\/p><p>Evidemment la r\u00e9mun\u00e9ration est un aspect important mais il n&#8217;est souvent pas l&#8217;essentiel pour les cadres. Par contre, se sentir tr\u00e8s bien pay\u00e9 n&#8217;augmentera pas vraiment la motivation au quotidien (se sentir sous-pay\u00e9 sera par contre source de d\u00e9couragement).<\/p><p>Ainsi afin de pr\u00e9venir les RPS (Risques Psycho-Sociaux), il y a aussi nombre d&#8217;outils \u00e0 tester pour que chacun trouve son \u00e9quilibre vie pro.\/vie perso. :<br \/>&#8211; les techniques de gestion du stress et de communication assertive<br \/>&#8211; les protocoles permettant de garder voire d&#8217;am\u00e9liorer ma bonne sant\u00e9<\/p><p>Au-del\u00e0 de la conciergerie d&#8217;entreprise des grosses bo\u00eetes et du baby-foot des start&#8217;up, la QVT est vraiment une affaire de management (climat social et ambiance de travail, d&#8217;o\u00f9 la n\u00e9cessit\u00e9 d&#8217;une solide <a href=\"https:\/\/jmponcet.fr\/ateliers\/\" target=\"_blank\" title=\"Se former vraiment au management de mon \u00e9quipe\" rel=\"noopener\">formation d&#8217;animation des hommes<\/a>).<br \/>&#8230; mais aussi de &#8220;position de vie&#8221; personnelle et de travail sur soi : on ressent en effet une puissante et durable motivation lorsque nos diff\u00e9rentes vert\u00e8bres du sens sont align\u00e9es !<\/p><p>Car il existe bien une graduation dans ce domaine, et j\u2019aime l\u2019image de la colonne vert\u00e9brale.<br \/>L\u2019enjeu de l\u2019alignement de nos vert\u00e8bres est tout simplement notre &#8220;degr\u00e9 de rayonnement&#8221; (compte-tenu de notre &#8220;voltage&#8221; !) N\u2019est-il pas possible d&#8217;ailleurs de d\u00e9crire le sens avec des mots comme &#8220;attachement&#8221;, &#8220;relation&#8221;, &#8220;\u00e9nergie&#8221;, &#8220;r\u00eave&#8221;\u2026 ? Depuis notre environnement, notre organisation, notre poste, notre m\u00e9tier, jusqu\u2019\u00e0 des niveaux tr\u00e8s intimes, en passant bien entendu par notre vie &#8220;priv\u00e9e&#8221;, nous avons tous des valeurs, des objectifs et des motivations pour chacune de ces &#8220;vert\u00e8bres identitaires&#8221;.<br \/>La construction du sens r\u00e9pond au processus d\u2019\u00e9naction (conscientisation et mise en mouvement). Celui-ci demande 80% d\u2019endog\u00e8ne et seulement 20% d\u2019exog\u00e8ne ; autrement dit, la construction du sens est avant tout un travail int\u00e9rieur\u2026 \u00e0 conscientiser.<br \/>Il n\u00e9cessite d\u2019ailleurs quatre fois plus d\u2019\u00e9nergie pour &#8220;dig\u00e9rer qu\u2019ing\u00e9rer&#8221; !<\/p><p>Pour conclure sur une note d&#8217;humour, je serais en effet tr\u00e8s d\u00e9\u00e7u si un jour un de mes clients me disait : &#8220;JM, je sais pourquoi je me l\u00e8ve le matin : parce qu&#8217;il est 11h00 ! &#8221; <strong>JMP<\/strong><\/p>\t\t\t\t\t<\/div>\n\t\t\t\t\t\t<\/div>\n\t\t\t\t<\/div>\n\t\t\t\t\t\t<\/div>\n\t\t\t\t\t<\/div>\n\t\t<\/div>\n\t\t\t\t\t\t\t\t<\/div>\n\t\t\t\t\t<\/div>\n\t\t<\/div>\n\t\t\t\t\t\t<\/div>\n\t\t\t\t\t\t<\/div>\n\t\t\t\t\t<\/div>\n\t\t","protected":false},"featured_media":1867,"template":"","themes":[38,41,37],"class_list":["post-3701","blog","type-blog","status-publish","has-post-thumbnail","hentry","themes-confiance","themes-emploi","themes-test2"],"acf":[],"aioseo_notices":[],"_links":{"self":[{"href":"https:\/\/jmponcet.fr\/nov-apijson\/wp\/v2\/blog\/3701","targetHints":{"allow":["GET"]}}],"collection":[{"href":"https:\/\/jmponcet.fr\/nov-apijson\/wp\/v2\/blog"}],"about":[{"href":"https:\/\/jmponcet.fr\/nov-apijson\/wp\/v2\/types\/blog"}],"version-history":[{"count":43,"href":"https:\/\/jmponcet.fr\/nov-apijson\/wp\/v2\/blog\/3701\/revisions"}],"predecessor-version":[{"id":3936,"href":"https:\/\/jmponcet.fr\/nov-apijson\/wp\/v2\/blog\/3701\/revisions\/3936"}],"wp:featuredmedia":[{"embeddable":true,"href":"https:\/\/jmponcet.fr\/nov-apijson\/wp\/v2\/media\/1867"}],"wp:attachment":[{"href":"https:\/\/jmponcet.fr\/nov-apijson\/wp\/v2\/media?parent=3701"}],"wp:term":[{"taxonomy":"themes","embeddable":true,"href":"https:\/\/jmponcet.fr\/nov-apijson\/wp\/v2\/themes?post=3701"}],"curies":[{"name":"wp","href":"https:\/\/api.w.org\/{rel}","templated":true}]}}