{"id":3480,"date":"2021-04-14T18:25:17","date_gmt":"2021-04-14T16:25:17","guid":{"rendered":"https:\/\/jmponcet.fr\/?post_type=blog&#038;p=3480"},"modified":"2021-05-06T14:18:44","modified_gmt":"2021-05-06T12:18:44","slug":"au-debut-etait-le-terme","status":"publish","type":"blog","link":"https:\/\/jmponcet.fr\/blog\/au-debut-etait-le-terme\/","title":{"rendered":"Au d\u00e9but \u00e9tait le terme\u2026"},"content":{"rendered":"\t\t<div data-elementor-type=\"wp-post\" data-elementor-id=\"3480\" class=\"elementor elementor-3480\" data-elementor-settings=\"[]\">\n\t\t\t\t\t\t<div class=\"elementor-inner\">\n\t\t\t\t\t\t\t<div class=\"elementor-section-wrap\">\n\t\t\t\t\t\t\t<section class=\"elementor-section elementor-top-section elementor-element elementor-element-fdc5fbc elementor-section-boxed elementor-section-height-default elementor-section-height-default\" data-id=\"fdc5fbc\" data-element_type=\"section\">\n\t\t\t\t\t\t<div class=\"elementor-container elementor-column-gap-default\">\n\t\t\t\t\t\t\t<div class=\"elementor-row\">\n\t\t\t\t\t<div class=\"elementor-column elementor-col-100 elementor-top-column elementor-element elementor-element-b42fda0\" data-id=\"b42fda0\" data-element_type=\"column\">\n\t\t\t<div class=\"elementor-column-wrap elementor-element-populated\">\n\t\t\t\t\t\t\t<div class=\"elementor-widget-wrap\">\n\t\t\t\t\t\t<div class=\"elementor-element elementor-element-308af6f elementor-widget elementor-widget-text-editor\" data-id=\"308af6f\" data-element_type=\"widget\" data-widget_type=\"text-editor.default\">\n\t\t\t\t<div class=\"elementor-widget-container\">\n\t\t\t\t\t\t\t\t<div class=\"elementor-text-editor elementor-clearfix\">\n\t\t\t\t<p><strong>Chronique Terrienne n\u00b0 198\u00a0 <\/strong>Si le terme &#8220;coach&#8221; semble provenir du hongrois &#8220;kocsi&#8221;, il aurait une m\u00eame origine que le mot &#8220;coche&#8221; ou &#8220;cocher&#8221; d\u00e9signant le conducteur de voitures hippomobiles transportant des personnes. Charg\u00e9 donc d\u2019op\u00e9rer un d\u00e9placement, un changement, le coach est d\u2019abord d\u00e9fini comme entra\u00eeneur ou r\u00e9p\u00e9titeur particulier&#8230; Dans la p\u00e9riode contemporaine, issu de l&#8217;univers sportif, le coaching est li\u00e9 au domaine de l\u2019action en termes de performance ou d\u2019efficacit\u00e9. &#8220;Le Robert&#8221; d\u00e9finit le coach comme une personne charg\u00e9e de l\u2019entra\u00eenement d\u2019une \u00e9quipe ou d\u2019un sportif quand &#8220;le Larousse&#8221; tient le coaching pour une action de conseil individuel ou d\u2019accompagnement de collaborateur. Fran\u00e7ois D\u00e9livr\u00e9 d\u00e9finit lui le coaching en 2002 comme une s\u00e9rie d\u2019entretiens individuels entre un client (le coach\u00e9) et un professionnel (le coach) qui ont pour but d\u2019aider la personne \u00e0 atteindre un objectif et r\u00e9ussir dans sa vie professionnelle. L\u2019id\u00e9e principale est celle d\u2019un entra\u00eenement justifi\u00e9 par un d\u00e9fi de changement. Le coach professionnel est d\u00e9fini par l&#8217;UE dans le cadre de la Charte de R\u00e9gulation co-sign\u00e9e avec les deux plus importantes F\u00e9d\u00e9rations professionnelles du m\u00e9tier (l&#8217;<a href=\"http:\/\/www.emccfrance.org\" target=\"_blank\" rel=\"noopener\">EMCC<\/a> Global et l&#8217;ICF Global), comme \u00e9tant un professionnel sp\u00e9cifiquement form\u00e9 \u00e0 la posture de coach, certifi\u00e9, supervis\u00e9, et rattach\u00e9 au Code International de D\u00e9ontologie par l&#8217;interm\u00e9diaire d&#8217;une adh\u00e9sion \u00e0 une f\u00e9d\u00e9ration de coachs. La majorit\u00e9 des coachs professionnels interviennent dans le champ de l&#8217;entreprise et plus g\u00e9n\u00e9ralement des organisations, mais beaucoup parmi eux investissent de plus en plus le champ du coaching &#8220;de vie&#8221; (\u00e9quilibre vie pro. \/ vie perso., transitions -mi-temps ou fin de carri\u00e8re-, projet personnel etc&#8230;) Le processus de <a href=\"https:\/\/jmponcet.fr\/coaching\/\" target=\"_blank\" rel=\"noopener\">coaching<\/a>, avec en son c\u0153ur l&#8217;alliance de changement (AdC), est pour moi porteur d&#8217;une exigence, non celle qui \u00e9crase mais de celle qui stimule et ouvre un chemin, un avenir&#8230; <strong>JMP<\/strong><\/p>\t\t\t\t\t<\/div>\n\t\t\t\t\t\t<\/div>\n\t\t\t\t<\/div>\n\t\t\t\t\t\t<\/div>\n\t\t\t\t\t<\/div>\n\t\t<\/div>\n\t\t\t\t\t\t\t\t<\/div>\n\t\t\t\t\t<\/div>\n\t\t<\/section>\n\t\t\t\t\t\t<\/div>\n\t\t\t\t\t\t<\/div>\n\t\t\t\t\t<\/div>\n\t\t","protected":false},"featured_media":3376,"template":"","themes":[40,41],"class_list":["post-3480","blog","type-blog","status-publish","has-post-thumbnail","hentry","themes-accompagnement","themes-emploi"],"acf":[],"aioseo_notices":[],"_links":{"self":[{"href":"https:\/\/jmponcet.fr\/nov-apijson\/wp\/v2\/blog\/3480","targetHints":{"allow":["GET"]}}],"collection":[{"href":"https:\/\/jmponcet.fr\/nov-apijson\/wp\/v2\/blog"}],"about":[{"href":"https:\/\/jmponcet.fr\/nov-apijson\/wp\/v2\/types\/blog"}],"version-history":[{"count":10,"href":"https:\/\/jmponcet.fr\/nov-apijson\/wp\/v2\/blog\/3480\/revisions"}],"predecessor-version":[{"id":3527,"href":"https:\/\/jmponcet.fr\/nov-apijson\/wp\/v2\/blog\/3480\/revisions\/3527"}],"wp:featuredmedia":[{"embeddable":true,"href":"https:\/\/jmponcet.fr\/nov-apijson\/wp\/v2\/media\/3376"}],"wp:attachment":[{"href":"https:\/\/jmponcet.fr\/nov-apijson\/wp\/v2\/media?parent=3480"}],"wp:term":[{"taxonomy":"themes","embeddable":true,"href":"https:\/\/jmponcet.fr\/nov-apijson\/wp\/v2\/themes?post=3480"}],"curies":[{"name":"wp","href":"https:\/\/api.w.org\/{rel}","templated":true}]}}